{"id":7383,"date":"2024-05-15T21:57:53","date_gmt":"2024-05-15T21:57:53","guid":{"rendered":"https:\/\/federacionargentinadeajedrez.org\/?p=7383"},"modified":"2024-05-16T22:08:50","modified_gmt":"2024-05-16T22:08:50","slug":"fada-presente-en-la-feria-lider-sportel-rendez-vous","status":"publish","type":"post","link":"https:\/\/federacionargentinadeajedrez.org\/?p=7383","title":{"rendered":"FADA presente en la feria l\u00edder Sportel Rendez-vous"},"content":{"rendered":"\n<p>Los d\u00edas 14 al 15 de mayo se realiz\u00f3 en el Hotel Hilton de Buenos Aires una edici\u00f3n de Sportel Rendez-vous. Fue la primera vez que Argentina alberg\u00f3 la feria l\u00edder de la industria del negocio deportivo.<\/p>\n\n\n\n<p>El Director Ejecutivo de la Federaci\u00f3n Argentina de Ajedrez, Mario Petrucci, estuvo presente en este evento especial que conecta a los ejecutivos en contenido deportivo a nivel mundial que se especializan en derechos de transmisi\u00f3n, soluciones de difusi\u00f3n, redes de televisi\u00f3n, OTT, tecnolog\u00eda de medios, marketing deportivo y comunicaci\u00f3n. Todos ellos tomadores de decisiones deportivas en los m\u00e1s altos est\u00e1ndares internacionales.<\/p>\n\n\n\n<p>El director ejecutivo de FADA acompa\u00f1\u00f3 al Comit\u00e9 Ol\u00edmpico Argentino y a su presidente, Mario Moccia, quien ofreci\u00f3 el discurso de apertura y bienvenida en el evento. Adem\u00e1s, desde el COA estuvieron presentes la vicepresidente 1\u00ba Alicia Masoni de Morea, el vicepresidente 2\u00ba y campe\u00f3n ol\u00edmpico Walter P\u00e9rez, el secretario general V\u00edctor Sergio Groupierre, el tesorero y jefe de misi\u00f3n Carlos Ferrea, la secretaria de actas Mabel Roca, la representante de atletas y campeona ol\u00edmpica Paula Pareto, el gerente general Mart\u00edn Bonjour y el director de Comunicaciones y Relaciones Institucionales Eduardo Moyano, entre otros. Tambi\u00e9n asistieron el presidente de la Confederaci\u00f3n Argentina de Pat\u00edn Daniel Ventura, el presidente de la Federaci\u00f3n Argentina de Voleibol Juan Sardo y el gerente de la Confederaci\u00f3n Argentina de Hockey Gast\u00f3n Bel. Tambi\u00e9n form\u00f3 parte de la delegaci\u00f3n el protesorero de FADA Santiago Castillo.<\/p>\n","protected":false},"excerpt":{"rendered":"<p>Los d\u00edas 14 al 15 de mayo se realiz\u00f3 en el Hotel Hilton de Buenos Aires una edici\u00f3n de Sportel Rendez-vous. Fue la&hellip;<\/p>\n","protected":false},"author":1,"featured_media":7387,"comment_status":"closed","ping_status":"closed","sticky":false,"template":"","format":"standard","meta":{"footnotes":""},"categories":[38,13,11],"tags":[],"class_list":["post-7383","post","type-post","status-publish","format-standard","has-post-thumbnail","hentry","category-noticias-2024","category-noticias-destacadas","category-presencia-institucional"],"_links":{"self":[{"href":"https:\/\/federacionargentinadeajedrez.org\/index.php?rest_route=\/wp\/v2\/posts\/7383","targetHints":{"allow":["GET"]}}],"collection":[{"href":"https:\/\/federacionargentinadeajedrez.org\/index.php?rest_route=\/wp\/v2\/posts"}],"about":[{"href":"https:\/\/federacionargentinadeajedrez.org\/index.php?rest_route=\/wp\/v2\/types\/post"}],"author":[{"embeddable":true,"href":"https:\/\/federacionargentinadeajedrez.org\/index.php?rest_route=\/wp\/v2\/users\/1"}],"replies":[{"embeddable":true,"href":"https:\/\/federacionargentinadeajedrez.org\/index.php?rest_route=%2Fwp%2Fv2%2Fcomments&post=7383"}],"version-history":[{"count":2,"href":"https:\/\/federacionargentinadeajedrez.org\/index.php?rest_route=\/wp\/v2\/posts\/7383\/revisions"}],"predecessor-version":[{"id":7386,"href":"https:\/\/federacionargentinadeajedrez.org\/index.php?rest_route=\/wp\/v2\/posts\/7383\/revisions\/7386"}],"wp:featuredmedia":[{"embeddable":true,"href":"https:\/\/federacionargentinadeajedrez.org\/index.php?rest_route=\/wp\/v2\/media\/7387"}],"wp:attachment":[{"href":"https:\/\/federacionargentinadeajedrez.org\/index.php?rest_route=%2Fwp%2Fv2%2Fmedia&parent=7383"}],"wp:term":[{"taxonomy":"category","embeddable":true,"href":"https:\/\/federacionargentinadeajedrez.org\/index.php?rest_route=%2Fwp%2Fv2%2Fcategories&post=7383"},{"taxonomy":"post_tag","embeddable":true,"href":"https:\/\/federacionargentinadeajedrez.org\/index.php?rest_route=%2Fwp%2Fv2%2Ftags&post=7383"}],"curies":[{"name":"wp","href":"https:\/\/api.w.org\/{rel}","templated":true}]}}