{"id":7464,"date":"2024-06-09T22:06:34","date_gmt":"2024-06-09T22:06:34","guid":{"rendered":"https:\/\/federacionargentinadeajedrez.org\/?p=7464"},"modified":"2024-06-13T22:25:44","modified_gmt":"2024-06-13T22:25:44","slug":"16-fiesta-de-premiacion-anual-del-ajedrez-argentino","status":"publish","type":"post","link":"https:\/\/federacionargentinadeajedrez.org\/?p=7464","title":{"rendered":"16\u00b0 Fiesta de Premiaci\u00f3n Anual del Ajedrez Argentino"},"content":{"rendered":"\n<figure class=\"wp-block-image size-large\"><img loading=\"lazy\" decoding=\"async\" width=\"1024\" height=\"771\" src=\"https:\/\/federacionargentinadeajedrez.org\/wp-content\/uploads\/2024\/06\/Premiacion2-1024x771.jpg\" alt=\"\" class=\"wp-image-7466\" srcset=\"https:\/\/federacionargentinadeajedrez.org\/wp-content\/uploads\/2024\/06\/Premiacion2-1024x771.jpg 1024w, https:\/\/federacionargentinadeajedrez.org\/wp-content\/uploads\/2024\/06\/Premiacion2-300x226.jpg 300w, https:\/\/federacionargentinadeajedrez.org\/wp-content\/uploads\/2024\/06\/Premiacion2-768x578.jpg 768w, https:\/\/federacionargentinadeajedrez.org\/wp-content\/uploads\/2024\/06\/Premiacion2.jpg 1440w\" sizes=\"auto, (max-width: 1024px) 100vw, 1024px\" \/><\/figure>\n\n\n\n<p>El \u00faltimo s\u00e1bado, en el Centro de Convenciones Arturo Frondizi de la ciudad de Vicente L\u00f3pez (Ajedrez Stadium), se llev\u00f3 a cabo la 16\u00b0 Fiesta de Premiaci\u00f3n Anual del Ajedrez Argentino. En esta ceremonia, se reconoci\u00f3 a todos los campeones nacionales del 2023, as\u00ed como a destacadas personalidades del ajedrez de la Federaci\u00f3n Argentina de Ajedrez (FADA), la Liga Nacional de Ajedrez y el Open Chess Tour.<\/p>\n\n\n\n<p>El evento cont\u00f3 con una <a><\/a>nutrida participaci\u00f3n, siendo una gran oportunidad de reencuentro para la comunidad del ajedrez argentino, con asistentes de todas partes del pa\u00eds. En una noche llena de alegr\u00eda, se entregaron m\u00e1s de 80 reconocimientos.<\/p>\n\n\n\n<p>Mario Petrucci, Director Ejecutivo de FADA, y Alejandro Sass, Presidente de FADA, junto con miembros de la junta directiva, destacaron en sus discursos los significativos logros del ajedrez argentino en 2023, resaltando el crecimiento del deporte en el pa\u00eds y el aumento en la participaci\u00f3n de j\u00f3venes talentos. Desde el municipio de Vicente L\u00f3pez, que apoy\u00f3 tanto esta fiesta de premiaci\u00f3n como la Semifinal Argentina organizada en el mismo centro de convenciones, participaron de esta ceremonia el Secretario de Gobierno, Enio Vitorini, el concejal Jos\u00e9 Jaime, y la Directora General de Educaci\u00f3n Complementaria, Ivanna Petrucci.<\/p>\n\n\n\n<p>Fue una noche de gran alegr\u00eda donde la comunidad del ajedrez argentino se reuni\u00f3 para celebrar los grandes momentos vividos en el 2023.<\/p>\n\n\n\n<p>Galer\u00eda de fotos completa en nuestro facebook <img loading=\"lazy\" decoding=\"async\" height=\"16\" width=\"16\" src=\"https:\/\/static.xx.fbcdn.net\/images\/emoji.php\/v9\/t5d\/1\/16\/1f4f7.png\" alt=\"????\"><\/p>\n\n\n\n<iframe loading=\"lazy\" src=\"https:\/\/www.facebook.com\/plugins\/post.php?href=https%3A%2F%2Fwww.facebook.com%2Ffadafanpage%2Fposts%2Fpfbid02ejqLPjtcZVScqx3fPa4HqRFkv3CyErsyw1A3KDq2CTezyzaWcZk8d6JLAPqADLzql&#038;show_text=true&#038;width=500\" width=\"500\" height=\"792\" style=\"border:none;overflow:hidden\" scrolling=\"no\" frameborder=\"0\" allowfullscreen=\"true\" allow=\"autoplay; clipboard-write; encrypted-media; picture-in-picture; web-share\"><\/iframe>\n","protected":false},"excerpt":{"rendered":"<p>El \u00faltimo s\u00e1bado, en el Centro de Convenciones Arturo Frondizi de la ciudad de Vicente L\u00f3pez (Ajedrez Stadium), se llev\u00f3 a cabo la&hellip;<\/p>\n","protected":false},"author":1,"featured_media":7465,"comment_status":"closed","ping_status":"closed","sticky":false,"template":"","format":"standard","meta":{"footnotes":""},"categories":[38,13],"tags":[],"class_list":["post-7464","post","type-post","status-publish","format-standard","has-post-thumbnail","hentry","category-noticias-2024","category-noticias-destacadas"],"_links":{"self":[{"href":"https:\/\/federacionargentinadeajedrez.org\/index.php?rest_route=\/wp\/v2\/posts\/7464","targetHints":{"allow":["GET"]}}],"collection":[{"href":"https:\/\/federacionargentinadeajedrez.org\/index.php?rest_route=\/wp\/v2\/posts"}],"about":[{"href":"https:\/\/federacionargentinadeajedrez.org\/index.php?rest_route=\/wp\/v2\/types\/post"}],"author":[{"embeddable":true,"href":"https:\/\/federacionargentinadeajedrez.org\/index.php?rest_route=\/wp\/v2\/users\/1"}],"replies":[{"embeddable":true,"href":"https:\/\/federacionargentinadeajedrez.org\/index.php?rest_route=%2Fwp%2Fv2%2Fcomments&post=7464"}],"version-history":[{"count":1,"href":"https:\/\/federacionargentinadeajedrez.org\/index.php?rest_route=\/wp\/v2\/posts\/7464\/revisions"}],"predecessor-version":[{"id":7467,"href":"https:\/\/federacionargentinadeajedrez.org\/index.php?rest_route=\/wp\/v2\/posts\/7464\/revisions\/7467"}],"wp:featuredmedia":[{"embeddable":true,"href":"https:\/\/federacionargentinadeajedrez.org\/index.php?rest_route=\/wp\/v2\/media\/7465"}],"wp:attachment":[{"href":"https:\/\/federacionargentinadeajedrez.org\/index.php?rest_route=%2Fwp%2Fv2%2Fmedia&parent=7464"}],"wp:term":[{"taxonomy":"category","embeddable":true,"href":"https:\/\/federacionargentinadeajedrez.org\/index.php?rest_route=%2Fwp%2Fv2%2Fcategories&post=7464"},{"taxonomy":"post_tag","embeddable":true,"href":"https:\/\/federacionargentinadeajedrez.org\/index.php?rest_route=%2Fwp%2Fv2%2Ftags&post=7464"}],"curies":[{"name":"wp","href":"https:\/\/api.w.org\/{rel}","templated":true}]}}