{"id":7550,"date":"2024-07-10T21:21:57","date_gmt":"2024-07-10T21:21:57","guid":{"rendered":"https:\/\/federacionargentinadeajedrez.org\/?p=7550"},"modified":"2024-07-23T21:24:40","modified_gmt":"2024-07-23T21:24:40","slug":"ajedrez-presente-en-el-2-congreso-de-sostenibilidad","status":"publish","type":"post","link":"https:\/\/federacionargentinadeajedrez.org\/?p=7550","title":{"rendered":"Ajedrez presente en el 2\u00b0 Congreso de Sostenibilidad"},"content":{"rendered":"\n<figure class=\"wp-block-image size-large\"><img decoding=\"async\" src=\"https:\/\/federacionargentinadeajedrez.org\/wp-content\/uploads\/2024\/07\/SUSTENTABILIDADCONGRES-1024x1024.jpg\" alt=\"\" class=\"wp-image-7551\"\/><\/figure>\n\n\n\n<p>Los d\u00edas 28 y 29 de junio con la organizaci\u00f3n del Comit\u00e9 Ol\u00edmpico Argentino se realiz\u00f3 la segunda edici\u00f3n del Congreso de Sostenibilidad \u00abDeporte y Cuidado Ambiental: La Medalla Ol\u00edmpica del Futuro\u201d. La Federaci\u00f3n de Ajedrez (FADA) tuvo una destacada participaci\u00f3n, con la presencia de Mario Petrucci (Director Ejecutivo de FADA), Gabriela V\u00e1zquez (Presidenta de la Comisi\u00f3n de Sostenibilidad de FADA), Ana Hern\u00e1ndez (Prosecretaria del Club Argentino de Ajedrez) y el MI Alejo de Doviitis. Queremos resaltar especialmente el trabajo de Gabriela V\u00e1zquez, quien fue una de las promotoras del evento.<\/p>\n\n\n\n<p>Durante el congreso, importantes especialistas disertaron sobre temas vinculados a la sostenibilidad, incluyendo el cambio clim\u00e1tico y sus consecuencias, la contaminaci\u00f3n y la reducci\u00f3n del impacto de carbono en la actividad deportiva. La FADA se ha consolidado como una entidad de vanguardia en la pr\u00e1ctica deportiva y en sostenibilidad, habiendo desarrollado su propio vivero, desde el cual se entregaron cerca de 400 \u00e1rboles en un a\u00f1o. Adem\u00e1s, la federaci\u00f3n continu\u00f3 con la distribuci\u00f3n de recipientes para reciclaje y composteras.<\/p>\n\n\n\n<p>Ana Hern\u00e1ndez y Alejo de Doviitis, participantes del evento, manifestaron su inter\u00e9s en apoyar las iniciativas de la Comisi\u00f3n de Sostenibilidad de FADA, subrayando el compromiso continuo de la federaci\u00f3n con la causa ambiental en el \u00e1mbito deportivo.<\/p>\n\n\n\n<figure class=\"wp-block-gallery has-nested-images columns-default is-cropped wp-block-gallery-1 is-layout-flex wp-block-gallery-is-layout-flex\">\n<figure class=\"wp-block-image size-large\"><img loading=\"lazy\" decoding=\"async\" width=\"989\" height=\"989\" data-id=\"7552\" src=\"https:\/\/federacionargentinadeajedrez.org\/wp-content\/uploads\/2024\/07\/SUSTCONGRES3.jpg\" alt=\"\" class=\"wp-image-7552\" srcset=\"https:\/\/federacionargentinadeajedrez.org\/wp-content\/uploads\/2024\/07\/SUSTCONGRES3.jpg 989w, https:\/\/federacionargentinadeajedrez.org\/wp-content\/uploads\/2024\/07\/SUSTCONGRES3-300x300.jpg 300w, https:\/\/federacionargentinadeajedrez.org\/wp-content\/uploads\/2024\/07\/SUSTCONGRES3-150x150.jpg 150w, https:\/\/federacionargentinadeajedrez.org\/wp-content\/uploads\/2024\/07\/SUSTCONGRES3-768x768.jpg 768w\" sizes=\"auto, (max-width: 989px) 100vw, 989px\" \/><\/figure>\n\n\n\n<figure class=\"wp-block-image size-large\"><img loading=\"lazy\" decoding=\"async\" width=\"1024\" height=\"1024\" data-id=\"7553\" src=\"https:\/\/federacionargentinadeajedrez.org\/wp-content\/uploads\/2024\/07\/SUSTENTABILIDADCONGRES2-1024x1024.jpg\" alt=\"\" class=\"wp-image-7553\" srcset=\"https:\/\/federacionargentinadeajedrez.org\/wp-content\/uploads\/2024\/07\/SUSTENTABILIDADCONGRES2-1024x1024.jpg 1024w, https:\/\/federacionargentinadeajedrez.org\/wp-content\/uploads\/2024\/07\/SUSTENTABILIDADCONGRES2-300x300.jpg 300w, https:\/\/federacionargentinadeajedrez.org\/wp-content\/uploads\/2024\/07\/SUSTENTABILIDADCONGRES2-150x150.jpg 150w, https:\/\/federacionargentinadeajedrez.org\/wp-content\/uploads\/2024\/07\/SUSTENTABILIDADCONGRES2-768x768.jpg 768w, https:\/\/federacionargentinadeajedrez.org\/wp-content\/uploads\/2024\/07\/SUSTENTABILIDADCONGRES2.jpg 1200w\" sizes=\"auto, (max-width: 1024px) 100vw, 1024px\" \/><\/figure>\n<\/figure>\n","protected":false},"excerpt":{"rendered":"<p>Los d\u00edas 28 y 29 de junio con la organizaci\u00f3n del Comit\u00e9 Ol\u00edmpico Argentino se realiz\u00f3 la segunda edici\u00f3n del Congreso de Sostenibilidad&hellip;<\/p>\n","protected":false},"author":1,"featured_media":7551,"comment_status":"closed","ping_status":"closed","sticky":false,"template":"","format":"standard","meta":{"footnotes":""},"categories":[38,13,11],"tags":[],"class_list":["post-7550","post","type-post","status-publish","format-standard","has-post-thumbnail","hentry","category-noticias-2024","category-noticias-destacadas","category-presencia-institucional"],"_links":{"self":[{"href":"https:\/\/federacionargentinadeajedrez.org\/index.php?rest_route=\/wp\/v2\/posts\/7550","targetHints":{"allow":["GET"]}}],"collection":[{"href":"https:\/\/federacionargentinadeajedrez.org\/index.php?rest_route=\/wp\/v2\/posts"}],"about":[{"href":"https:\/\/federacionargentinadeajedrez.org\/index.php?rest_route=\/wp\/v2\/types\/post"}],"author":[{"embeddable":true,"href":"https:\/\/federacionargentinadeajedrez.org\/index.php?rest_route=\/wp\/v2\/users\/1"}],"replies":[{"embeddable":true,"href":"https:\/\/federacionargentinadeajedrez.org\/index.php?rest_route=%2Fwp%2Fv2%2Fcomments&post=7550"}],"version-history":[{"count":1,"href":"https:\/\/federacionargentinadeajedrez.org\/index.php?rest_route=\/wp\/v2\/posts\/7550\/revisions"}],"predecessor-version":[{"id":7554,"href":"https:\/\/federacionargentinadeajedrez.org\/index.php?rest_route=\/wp\/v2\/posts\/7550\/revisions\/7554"}],"wp:featuredmedia":[{"embeddable":true,"href":"https:\/\/federacionargentinadeajedrez.org\/index.php?rest_route=\/wp\/v2\/media\/7551"}],"wp:attachment":[{"href":"https:\/\/federacionargentinadeajedrez.org\/index.php?rest_route=%2Fwp%2Fv2%2Fmedia&parent=7550"}],"wp:term":[{"taxonomy":"category","embeddable":true,"href":"https:\/\/federacionargentinadeajedrez.org\/index.php?rest_route=%2Fwp%2Fv2%2Fcategories&post=7550"},{"taxonomy":"post_tag","embeddable":true,"href":"https:\/\/federacionargentinadeajedrez.org\/index.php?rest_route=%2Fwp%2Fv2%2Ftags&post=7550"}],"curies":[{"name":"wp","href":"https:\/\/api.w.org\/{rel}","templated":true}]}}