{"id":7646,"date":"2024-09-18T21:51:00","date_gmt":"2024-09-18T21:51:00","guid":{"rendered":"https:\/\/federacionargentinadeajedrez.org\/?p=7646"},"modified":"2024-09-26T21:59:42","modified_gmt":"2024-09-26T21:59:42","slug":"encuentro-de-la-delegacion-argentina-con-la-embajadora-en-hungria-durante-la-olimpiada-de-ajedrez","status":"publish","type":"post","link":"https:\/\/federacionargentinadeajedrez.org\/?p=7646","title":{"rendered":"Encuentro de la Delegaci\u00f3n Argentina con la Embajadora en Hungr\u00eda durante la Olimpiada de Ajedrez"},"content":{"rendered":"\n<figure class=\"wp-block-gallery has-nested-images columns-default is-cropped wp-block-gallery-1 is-layout-flex wp-block-gallery-is-layout-flex\">\n<figure class=\"wp-block-image size-large\"><img loading=\"lazy\" decoding=\"async\" width=\"600\" height=\"600\" data-id=\"7647\" src=\"https:\/\/federacionargentinadeajedrez.org\/wp-content\/uploads\/2024\/09\/embjahun1.jpg\" alt=\"\" class=\"wp-image-7647\" srcset=\"https:\/\/federacionargentinadeajedrez.org\/wp-content\/uploads\/2024\/09\/embjahun1.jpg 600w, https:\/\/federacionargentinadeajedrez.org\/wp-content\/uploads\/2024\/09\/embjahun1-300x300.jpg 300w, https:\/\/federacionargentinadeajedrez.org\/wp-content\/uploads\/2024\/09\/embjahun1-150x150.jpg 150w\" sizes=\"auto, (max-width: 600px) 100vw, 600px\" \/><\/figure>\n\n\n\n<figure class=\"wp-block-image size-large\"><img loading=\"lazy\" decoding=\"async\" width=\"1024\" height=\"1024\" data-id=\"7649\" src=\"https:\/\/federacionargentinadeajedrez.org\/wp-content\/uploads\/2024\/09\/embajahun2-1024x1024.jpg\" alt=\"\" class=\"wp-image-7649\" srcset=\"https:\/\/federacionargentinadeajedrez.org\/wp-content\/uploads\/2024\/09\/embajahun2-1024x1024.jpg 1024w, https:\/\/federacionargentinadeajedrez.org\/wp-content\/uploads\/2024\/09\/embajahun2-300x300.jpg 300w, https:\/\/federacionargentinadeajedrez.org\/wp-content\/uploads\/2024\/09\/embajahun2-150x150.jpg 150w, https:\/\/federacionargentinadeajedrez.org\/wp-content\/uploads\/2024\/09\/embajahun2-768x768.jpg 768w, https:\/\/federacionargentinadeajedrez.org\/wp-content\/uploads\/2024\/09\/embajahun2.jpg 1440w\" sizes=\"auto, (max-width: 1024px) 100vw, 1024px\" \/><\/figure>\n\n\n\n<figure class=\"wp-block-image size-large\"><img loading=\"lazy\" decoding=\"async\" width=\"902\" height=\"902\" data-id=\"7648\" src=\"https:\/\/federacionargentinadeajedrez.org\/wp-content\/uploads\/2024\/09\/embajahun3.jpg\" alt=\"\" class=\"wp-image-7648\" srcset=\"https:\/\/federacionargentinadeajedrez.org\/wp-content\/uploads\/2024\/09\/embajahun3.jpg 902w, https:\/\/federacionargentinadeajedrez.org\/wp-content\/uploads\/2024\/09\/embajahun3-300x300.jpg 300w, https:\/\/federacionargentinadeajedrez.org\/wp-content\/uploads\/2024\/09\/embajahun3-150x150.jpg 150w, https:\/\/federacionargentinadeajedrez.org\/wp-content\/uploads\/2024\/09\/embajahun3-768x768.jpg 768w\" sizes=\"auto, (max-width: 902px) 100vw, 902px\" \/><\/figure>\n<\/figure>\n\n\n\n<p>Ayer, durante la jornada de descanso de la 45\u00aa Olimpiada de Ajedrez que se est\u00e1 desarrollando en Budapest, Hungr\u00eda, la delegaci\u00f3n argentina fue recibida por la embajadora de Argentina en Hungr\u00eda, Lorena Capra, en una cena de camarader\u00eda. Al evento asistieron jugadores, capitanes, miembros de la prensa, el jefe de la delegaci\u00f3n, Javier Curilen, y el director ejecutivo de la <a><\/a>Federaci\u00f3n Argentina de Ajedrez (FADA) y representante en el Congreso de la FIDE, Mario Petrucci.<\/p>\n\n\n\n<p>La velada transcurri\u00f3 en un ambiente distendido y amistoso, brindando un espacio clave para que el equipo renovara energ\u00edas de cara a la segunda mitad del torneo.<\/p>\n\n\n\n<p>Tambi\u00e9n particip\u00f3 en la cena el maestro internacional Faustino Oro, quien el lunes pasado realizo la jugada inaugural de la ronda 6. Oro se ha sumado al staff t\u00e9cnico de los seleccionados argentinos, acompa\u00f1ando a la delegaci\u00f3n en su camino en la competencia.<br><\/p>\n","protected":false},"excerpt":{"rendered":"<p>Ayer, durante la jornada de descanso de la 45\u00aa Olimpiada de Ajedrez que se est\u00e1 desarrollando en Budapest, Hungr\u00eda, la delegaci\u00f3n argentina fue&hellip;<\/p>\n","protected":false},"author":1,"featured_media":7649,"comment_status":"closed","ping_status":"closed","sticky":false,"template":"","format":"standard","meta":{"footnotes":""},"categories":[38,13,40,11],"tags":[],"class_list":["post-7646","post","type-post","status-publish","format-standard","has-post-thumbnail","hentry","category-noticias-2024","category-noticias-destacadas","category-olimpiada-budapest-2024","category-presencia-institucional"],"_links":{"self":[{"href":"https:\/\/federacionargentinadeajedrez.org\/index.php?rest_route=\/wp\/v2\/posts\/7646","targetHints":{"allow":["GET"]}}],"collection":[{"href":"https:\/\/federacionargentinadeajedrez.org\/index.php?rest_route=\/wp\/v2\/posts"}],"about":[{"href":"https:\/\/federacionargentinadeajedrez.org\/index.php?rest_route=\/wp\/v2\/types\/post"}],"author":[{"embeddable":true,"href":"https:\/\/federacionargentinadeajedrez.org\/index.php?rest_route=\/wp\/v2\/users\/1"}],"replies":[{"embeddable":true,"href":"https:\/\/federacionargentinadeajedrez.org\/index.php?rest_route=%2Fwp%2Fv2%2Fcomments&post=7646"}],"version-history":[{"count":1,"href":"https:\/\/federacionargentinadeajedrez.org\/index.php?rest_route=\/wp\/v2\/posts\/7646\/revisions"}],"predecessor-version":[{"id":7650,"href":"https:\/\/federacionargentinadeajedrez.org\/index.php?rest_route=\/wp\/v2\/posts\/7646\/revisions\/7650"}],"wp:featuredmedia":[{"embeddable":true,"href":"https:\/\/federacionargentinadeajedrez.org\/index.php?rest_route=\/wp\/v2\/media\/7649"}],"wp:attachment":[{"href":"https:\/\/federacionargentinadeajedrez.org\/index.php?rest_route=%2Fwp%2Fv2%2Fmedia&parent=7646"}],"wp:term":[{"taxonomy":"category","embeddable":true,"href":"https:\/\/federacionargentinadeajedrez.org\/index.php?rest_route=%2Fwp%2Fv2%2Fcategories&post=7646"},{"taxonomy":"post_tag","embeddable":true,"href":"https:\/\/federacionargentinadeajedrez.org\/index.php?rest_route=%2Fwp%2Fv2%2Ftags&post=7646"}],"curies":[{"name":"wp","href":"https:\/\/api.w.org\/{rel}","templated":true}]}}