{"id":7716,"date":"2024-11-04T13:32:36","date_gmt":"2024-11-04T13:32:36","guid":{"rendered":"https:\/\/federacionargentinadeajedrez.org\/?p=7716"},"modified":"2024-11-04T13:37:20","modified_gmt":"2024-11-04T13:37:20","slug":"la-asamblea-voto-por-unanimidad-la-continuidad-de-alejandro-sass-y-mario-petrucci-al-frente-de-fada","status":"publish","type":"post","link":"https:\/\/federacionargentinadeajedrez.org\/?p=7716","title":{"rendered":"La Asamblea vot\u00f3 por unanimidad, la continuidad de Alejandro Sass y Mario Petrucci, al frente de Fada"},"content":{"rendered":"\n<p>Convalidando una gesti\u00f3n que ya dura doce a\u00f1os, desde aquella auto convocada de noviembre de 2012, y que ahora se prolongar\u00e1 por otros cuatro a\u00f1os m\u00e1s, hasta fines del 2028, la asamblea de Fada eligi\u00f3 por unanimidad como Presidente a Alejandro Sass, y a su vez, este ratific\u00f3 en su cargo de Director Ejecutivo, a Mario Petrucci.<\/p>\n\n\n<div class=\"wp-block-image\">\n<figure class=\"aligncenter size-full\"><img loading=\"lazy\" decoding=\"async\" width=\"449\" height=\"449\" src=\"https:\/\/federacionargentinadeajedrez.org\/wp-content\/uploads\/2024\/11\/IMG_0474-edited.jpg\" alt=\"\" class=\"wp-image-7718\" srcset=\"https:\/\/federacionargentinadeajedrez.org\/wp-content\/uploads\/2024\/11\/IMG_0474-edited.jpg 449w, https:\/\/federacionargentinadeajedrez.org\/wp-content\/uploads\/2024\/11\/IMG_0474-edited-300x300.jpg 300w, https:\/\/federacionargentinadeajedrez.org\/wp-content\/uploads\/2024\/11\/IMG_0474-edited-150x150.jpg 150w\" sizes=\"auto, (max-width: 449px) 100vw, 449px\" \/><figcaption class=\"wp-element-caption\">La Asamblea vot\u00f3 por unanimidad, la continuidad de Alejandro Sass y Mario Petrucci, al frente de Fada<br><\/figcaption><\/figure>\n<\/div>\n\n\n<p>Fue una asamblea distendida donde se repasaron los grandes logros de la actual gesti\u00f3n. La solidez econ\u00f3mica que muestra la Federaci\u00f3n Argentina de Ajedrez, la abundante y creciente actividad deportiva que puede observarse en todo el pa\u00eds, la proliferaci\u00f3n de j\u00f3venes valores con enorme futuro, \u00e9xitos a nivel mayores como el conseguido recientemente por el equipo ol\u00edmpico femenino, que consigui\u00f3 la mejor clasificaci\u00f3n de la historia, y por supuesto, la rutilante aparici\u00f3n de la mayor promesa que haya tenido el ajedrez argentino, el Maestro Internacional Faustino Oro, de solo once a\u00f1os, quien en pocos d\u00edas m\u00e1s retornar\u00e1 a nuestro pa\u00eds para participar de la Final del Campeonato Argentino, donde enfrentar\u00e1 a todos los mejores jugadores del pa\u00eds: GMs Sandro Mareco, Fernando Peralta, Diego Flores, Federico Perez Ponsa y Leandro Krysa, entre los m\u00e1s destacados.<\/p>\n\n\n<div class=\"wp-block-image\">\n<figure class=\"aligncenter size-full\"><img loading=\"lazy\" decoding=\"async\" width=\"799\" height=\"533\" src=\"https:\/\/federacionargentinadeajedrez.org\/wp-content\/uploads\/2024\/11\/IMG_0468-edited.jpg\" alt=\"\" class=\"wp-image-7722\" srcset=\"https:\/\/federacionargentinadeajedrez.org\/wp-content\/uploads\/2024\/11\/IMG_0468-edited.jpg 799w, https:\/\/federacionargentinadeajedrez.org\/wp-content\/uploads\/2024\/11\/IMG_0468-edited-300x200.jpg 300w, https:\/\/federacionargentinadeajedrez.org\/wp-content\/uploads\/2024\/11\/IMG_0468-edited-768x512.jpg 768w\" sizes=\"auto, (max-width: 799px) 100vw, 799px\" \/><\/figure>\n<\/div>\n\n\n<p>Tanto el Director Ejecutivo Mario Petrucci, como el Presidente Alejandro Sass, destacaron el trabajo en equipo y la armon\u00eda de la gesti\u00f3n. Ambos consideraron, respaldados por el voto un\u00e1nime de la Asamblea, que se han logrado enormes avances en estos a\u00f1os, que permiten ser a\u00fan m\u00e1s optimistas de cara al futuro pr\u00f3ximo.&nbsp;<\/p>\n\n\n\n<p>Nos esperan cuatro a\u00f1os m\u00e1s, de la mejor gesti\u00f3n que registra hist\u00f3ricamente nuestro ajedrez. Los a\u00f1os por venir, nos mostrar\u00e1n hasta d\u00f3nde puede llegar el ajedrez argentino.<\/p>\n","protected":false},"excerpt":{"rendered":"<p>Convalidando una gesti\u00f3n que ya dura doce a\u00f1os, desde aquella auto convocada de noviembre de 2012, y que ahora se prolongar\u00e1 por otros&hellip;<\/p>\n","protected":false},"author":1,"featured_media":7717,"comment_status":"closed","ping_status":"closed","sticky":false,"template":"","format":"standard","meta":{"footnotes":""},"categories":[9,38,13,11],"tags":[],"class_list":["post-7716","post","type-post","status-publish","format-standard","has-post-thumbnail","hentry","category-blog","category-noticias-2024","category-noticias-destacadas","category-presencia-institucional"],"_links":{"self":[{"href":"https:\/\/federacionargentinadeajedrez.org\/index.php?rest_route=\/wp\/v2\/posts\/7716","targetHints":{"allow":["GET"]}}],"collection":[{"href":"https:\/\/federacionargentinadeajedrez.org\/index.php?rest_route=\/wp\/v2\/posts"}],"about":[{"href":"https:\/\/federacionargentinadeajedrez.org\/index.php?rest_route=\/wp\/v2\/types\/post"}],"author":[{"embeddable":true,"href":"https:\/\/federacionargentinadeajedrez.org\/index.php?rest_route=\/wp\/v2\/users\/1"}],"replies":[{"embeddable":true,"href":"https:\/\/federacionargentinadeajedrez.org\/index.php?rest_route=%2Fwp%2Fv2%2Fcomments&post=7716"}],"version-history":[{"count":2,"href":"https:\/\/federacionargentinadeajedrez.org\/index.php?rest_route=\/wp\/v2\/posts\/7716\/revisions"}],"predecessor-version":[{"id":7723,"href":"https:\/\/federacionargentinadeajedrez.org\/index.php?rest_route=\/wp\/v2\/posts\/7716\/revisions\/7723"}],"wp:featuredmedia":[{"embeddable":true,"href":"https:\/\/federacionargentinadeajedrez.org\/index.php?rest_route=\/wp\/v2\/media\/7717"}],"wp:attachment":[{"href":"https:\/\/federacionargentinadeajedrez.org\/index.php?rest_route=%2Fwp%2Fv2%2Fmedia&parent=7716"}],"wp:term":[{"taxonomy":"category","embeddable":true,"href":"https:\/\/federacionargentinadeajedrez.org\/index.php?rest_route=%2Fwp%2Fv2%2Fcategories&post=7716"},{"taxonomy":"post_tag","embeddable":true,"href":"https:\/\/federacionargentinadeajedrez.org\/index.php?rest_route=%2Fwp%2Fv2%2Ftags&post=7716"}],"curies":[{"name":"wp","href":"https:\/\/api.w.org\/{rel}","templated":true}]}}