{"id":7816,"date":"2024-11-24T20:33:11","date_gmt":"2024-11-24T20:33:11","guid":{"rendered":"https:\/\/federacionargentinadeajedrez.org\/?p=7816"},"modified":"2024-11-29T20:29:29","modified_gmt":"2024-11-29T20:29:29","slug":"99o-campeonato-argentino-superior-de-ajedrez-homenaje-ezequiel-martinez-estrada","status":"publish","type":"post","link":"https:\/\/federacionargentinadeajedrez.org\/?p=7816","title":{"rendered":"99\u00ba Campeonato Argentino Superior de Ajedrez Homenaje Ezequiel Mart\u00ednez Estrada"},"content":{"rendered":"\n<p>En su 99\u00aa edici\u00f3n, el Campeonato Argentino Superior llevar\u00e1 el nombre de Ezequiel Mart\u00ednez Estrada, rindiendo as\u00ed homenaje a este ilustre escritor argentino.<\/p>\n\n\n\n<p>La decisi\u00f3n fue tomada a sugerencia de los miembros de la Comisi\u00f3n de Historia de FIDE, Juan Sebasti\u00e1n Morgado y Sergio Negri. Ambos, de manera independiente, han contribuido con valioso material hist\u00f3rico y bibliogr\u00e1fico.<\/p>\n\n\n\n<p>Juan Sebasti\u00e1n Morgado compartir\u00e1 su aporte en una serie de entregas diarias, mientras que Sergio Negri ha publicado un art\u00edculo en su p\u00e1gina <em>Ajedrez Latitud Sur<\/em>, que ser\u00e1 difundido en una sola entrega.<\/p>\n\n\n\n<p>Queremos expresar nuestro profundo agradecimiento a estos destacados historiadores, quienes de forma generosa y desinteresada nos han brindado este material. Su trabajo busca honrar nuestro pasado y reconocer a quienes construyeron la rica y gloriosa historia de nuestra entidad.<\/p>\n\n\n\n<p>Mario Petrucci<br>Director Ejecutivo<\/p>\n\n\n\n<p><strong>NOTA 1<\/strong><\/p>\n\n\n\n<div data-wp-interactive=\"core\/file\" class=\"wp-block-file\"><object data-wp-bind--hidden=\"!state.hasPdfPreview\" hidden class=\"wp-block-file__embed\" data=\"https:\/\/federacionargentinadeajedrez.org\/wp-content\/uploads\/2024\/11\/EME-FADA-1.docx.pdf\" type=\"application\/pdf\" style=\"width:100%;height:2000px\" aria-label=\"Incrustado de EME-FADA-1.docx.\"><\/object><a id=\"wp-block-file--media-ca785709-6e4b-4cd6-9a3b-a808b5440c19\" href=\"https:\/\/federacionargentinadeajedrez.org\/wp-content\/uploads\/2024\/11\/EME-FADA-1.docx.pdf\">EME-FADA-1.docx<\/a><a href=\"https:\/\/federacionargentinadeajedrez.org\/wp-content\/uploads\/2024\/11\/EME-FADA-1.docx.pdf\" class=\"wp-block-file__button wp-element-button\" download aria-describedby=\"wp-block-file--media-ca785709-6e4b-4cd6-9a3b-a808b5440c19\">Descarga<\/a><\/div>\n\n\n\n<p><strong>NOTA 2<\/strong><\/p>\n\n\n\n<div data-wp-interactive=\"core\/file\" class=\"wp-block-file\"><object data-wp-bind--hidden=\"!state.hasPdfPreview\" hidden class=\"wp-block-file__embed\" data=\"https:\/\/federacionargentinadeajedrez.org\/wp-content\/uploads\/2024\/11\/El-Circulo-impulsa-la-Fundacion-de-la-FADA.pdf\" type=\"application\/pdf\" style=\"width:100%;height:2000px\" aria-label=\"Incrustado de El C\u00edrculo impulsa la Fundaci\u00f3n de la FADA.\"><\/object><a id=\"wp-block-file--media-0f140cbd-cb10-44da-adfd-2e01574ac2ae\" href=\"https:\/\/federacionargentinadeajedrez.org\/wp-content\/uploads\/2024\/11\/El-Circulo-impulsa-la-Fundacion-de-la-FADA.pdf\">El C\u00edrculo impulsa la Fundaci\u00f3n de la FADA<\/a><a href=\"https:\/\/federacionargentinadeajedrez.org\/wp-content\/uploads\/2024\/11\/El-Circulo-impulsa-la-Fundacion-de-la-FADA.pdf\" class=\"wp-block-file__button wp-element-button\" download aria-describedby=\"wp-block-file--media-0f140cbd-cb10-44da-adfd-2e01574ac2ae\">Descarga<\/a><\/div>\n\n\n\n<p><strong>NOTA 3<\/strong><\/p>\n\n\n\n<div data-wp-interactive=\"core\/file\" class=\"wp-block-file\"><object data-wp-bind--hidden=\"!state.hasPdfPreview\" hidden class=\"wp-block-file__embed\" data=\"https:\/\/federacionargentinadeajedrez.org\/wp-content\/uploads\/2024\/11\/Martinez-Estrada-bibliotecario-de-la-FADA.pdf\" type=\"application\/pdf\" style=\"width:100%;height:2000px\" aria-label=\"Incrustado de Mart\u00ednez Estrada, bibliotecario de la FADA.\"><\/object><a id=\"wp-block-file--media-2606823c-eb5b-482c-bc79-43234f348016\" href=\"https:\/\/federacionargentinadeajedrez.org\/wp-content\/uploads\/2024\/11\/Martinez-Estrada-bibliotecario-de-la-FADA.pdf\">Mart\u00ednez Estrada, bibliotecario de la FADA<\/a><a href=\"https:\/\/federacionargentinadeajedrez.org\/wp-content\/uploads\/2024\/11\/Martinez-Estrada-bibliotecario-de-la-FADA.pdf\" class=\"wp-block-file__button wp-element-button\" download aria-describedby=\"wp-block-file--media-2606823c-eb5b-482c-bc79-43234f348016\">Descarga<\/a><\/div>\n\n\n\n<p><strong>NOTA 4<\/strong><\/p>\n\n\n\n<div data-wp-interactive=\"core\/file\" class=\"wp-block-file\"><object data-wp-bind--hidden=\"!state.hasPdfPreview\" hidden class=\"wp-block-file__embed\" data=\"https:\/\/federacionargentinadeajedrez.org\/wp-content\/uploads\/2024\/11\/Enrique-Falcon-companero-de-trabajo-y-amigo-de-Ezequiel.pdf\" type=\"application\/pdf\" style=\"width:100%;height:1973px\" aria-label=\"Incrustado de Enrique Falc\u00f3n, compa\u00f1ero de trabajo y amigo de Ezequiel.\"><\/object><a id=\"wp-block-file--media-255585b7-42ed-48e7-a038-eb279e3e5e37\" href=\"https:\/\/federacionargentinadeajedrez.org\/wp-content\/uploads\/2024\/11\/Enrique-Falcon-companero-de-trabajo-y-amigo-de-Ezequiel.pdf\">Enrique Falc\u00f3n, compa\u00f1ero de trabajo y amigo de Ezequiel<\/a><a href=\"https:\/\/federacionargentinadeajedrez.org\/wp-content\/uploads\/2024\/11\/Enrique-Falcon-companero-de-trabajo-y-amigo-de-Ezequiel.pdf\" class=\"wp-block-file__button wp-element-button\" download aria-describedby=\"wp-block-file--media-255585b7-42ed-48e7-a038-eb279e3e5e37\">Descarga<\/a><\/div>\n\n\n\n<p><strong>NOTA 5<\/strong><\/p>\n\n\n\n<div data-wp-interactive=\"core\/file\" class=\"wp-block-file\"><object data-wp-bind--hidden=\"!state.hasPdfPreview\" hidden class=\"wp-block-file__embed\" data=\"https:\/\/federacionargentinadeajedrez.org\/wp-content\/uploads\/2024\/11\/Ezequiel-Martinez-Estrada-y-los-Grau-muestras-de-afecto.pdf\" type=\"application\/pdf\" style=\"width:100%;height:2000px\" aria-label=\"Incrustado de Ezequiel Mart\u00ednez Estrada y los Grau muestras de afecto.\"><\/object><a id=\"wp-block-file--media-0f0a4dfe-3f45-4679-a2a4-e524fb8a52c3\" href=\"https:\/\/federacionargentinadeajedrez.org\/wp-content\/uploads\/2024\/11\/Ezequiel-Martinez-Estrada-y-los-Grau-muestras-de-afecto.pdf\">Ezequiel Mart\u00ednez Estrada y los Grau muestras de afecto<\/a><a href=\"https:\/\/federacionargentinadeajedrez.org\/wp-content\/uploads\/2024\/11\/Ezequiel-Martinez-Estrada-y-los-Grau-muestras-de-afecto.pdf\" class=\"wp-block-file__button wp-element-button\" download aria-describedby=\"wp-block-file--media-0f0a4dfe-3f45-4679-a2a4-e524fb8a52c3\">Descarga<\/a><\/div>\n\n\n\n<p><strong>NOTA 6<\/strong><\/p>\n\n\n\n<div data-wp-interactive=\"core\/file\" class=\"wp-block-file\"><object data-wp-bind--hidden=\"!state.hasPdfPreview\" hidden class=\"wp-block-file__embed\" data=\"https:\/\/federacionargentinadeajedrez.org\/wp-content\/uploads\/2024\/11\/La-vision-del-futuro-de-Ezequiel-Martinez-Estrada.pdf\" type=\"application\/pdf\" style=\"width:100%;height:2000px\" aria-label=\"Incrustado de La visi\u00f3n del futuro de Ezequiel Mart\u00ednez Estrada.\"><\/object><a id=\"wp-block-file--media-4ad1a2b4-c67b-4640-9d9a-4d0ff3bf5dcd\" href=\"https:\/\/federacionargentinadeajedrez.org\/wp-content\/uploads\/2024\/11\/La-vision-del-futuro-de-Ezequiel-Martinez-Estrada.pdf\">La visi\u00f3n del futuro de Ezequiel Mart\u00ednez Estrada<\/a><a href=\"https:\/\/federacionargentinadeajedrez.org\/wp-content\/uploads\/2024\/11\/La-vision-del-futuro-de-Ezequiel-Martinez-Estrada.pdf\" class=\"wp-block-file__button wp-element-button\" download aria-describedby=\"wp-block-file--media-4ad1a2b4-c67b-4640-9d9a-4d0ff3bf5dcd\">Descarga<\/a><\/div>\n","protected":false},"excerpt":{"rendered":"<p>En su 99\u00aa edici\u00f3n, el Campeonato Argentino Superior llevar\u00e1 el nombre de Ezequiel Mart\u00ednez Estrada, rindiendo as\u00ed homenaje a este ilustre escritor argentino.&hellip;<\/p>\n","protected":false},"author":1,"featured_media":7818,"comment_status":"closed","ping_status":"closed","sticky":false,"template":"","format":"standard","meta":{"footnotes":""},"categories":[41,38,13],"tags":[],"class_list":["post-7816","post","type-post","status-publish","format-standard","has-post-thumbnail","hentry","category-99-campeonato-argentino-superior-absoluto","category-noticias-2024","category-noticias-destacadas"],"_links":{"self":[{"href":"https:\/\/federacionargentinadeajedrez.org\/index.php?rest_route=\/wp\/v2\/posts\/7816","targetHints":{"allow":["GET"]}}],"collection":[{"href":"https:\/\/federacionargentinadeajedrez.org\/index.php?rest_route=\/wp\/v2\/posts"}],"about":[{"href":"https:\/\/federacionargentinadeajedrez.org\/index.php?rest_route=\/wp\/v2\/types\/post"}],"author":[{"embeddable":true,"href":"https:\/\/federacionargentinadeajedrez.org\/index.php?rest_route=\/wp\/v2\/users\/1"}],"replies":[{"embeddable":true,"href":"https:\/\/federacionargentinadeajedrez.org\/index.php?rest_route=%2Fwp%2Fv2%2Fcomments&post=7816"}],"version-history":[{"count":3,"href":"https:\/\/federacionargentinadeajedrez.org\/index.php?rest_route=\/wp\/v2\/posts\/7816\/revisions"}],"predecessor-version":[{"id":7837,"href":"https:\/\/federacionargentinadeajedrez.org\/index.php?rest_route=\/wp\/v2\/posts\/7816\/revisions\/7837"}],"wp:featuredmedia":[{"embeddable":true,"href":"https:\/\/federacionargentinadeajedrez.org\/index.php?rest_route=\/wp\/v2\/media\/7818"}],"wp:attachment":[{"href":"https:\/\/federacionargentinadeajedrez.org\/index.php?rest_route=%2Fwp%2Fv2%2Fmedia&parent=7816"}],"wp:term":[{"taxonomy":"category","embeddable":true,"href":"https:\/\/federacionargentinadeajedrez.org\/index.php?rest_route=%2Fwp%2Fv2%2Fcategories&post=7816"},{"taxonomy":"post_tag","embeddable":true,"href":"https:\/\/federacionargentinadeajedrez.org\/index.php?rest_route=%2Fwp%2Fv2%2Ftags&post=7816"}],"curies":[{"name":"wp","href":"https:\/\/api.w.org\/{rel}","templated":true}]}}