{"id":7997,"date":"2024-12-04T22:28:24","date_gmt":"2024-12-04T22:28:24","guid":{"rendered":"https:\/\/federacionargentinadeajedrez.org\/?p=7997"},"modified":"2025-01-03T22:32:57","modified_gmt":"2025-01-03T22:32:57","slug":"desde-el-interior-de-la-provincia-de-buenos-aires-una-nueva-entidad-se-suma-a-fada-bienvenida-escuela-de-ajedrez-de-bragado-2","status":"publish","type":"post","link":"https:\/\/federacionargentinadeajedrez.org\/?p=7997","title":{"rendered":"Desde el interior de la provincia de Buenos Aires una nueva entidad se suma a FADA: Bienvenida Escuela de Ajedrez de Bragado"},"content":{"rendered":"\n<figure class=\"wp-block-image size-large\"><img decoding=\"async\" src=\"https:\/\/federacionargentinadeajedrez.org\/wp-content\/uploads\/2025\/01\/Escuela-Bragado-1024x1024.jpg\" alt=\"\" class=\"wp-image-7998\"\/><\/figure>\n\n\n\n<p>Hasta el \u00faltimo mes del a\u00f1o el Ajedrez Federado de nuestro pa\u00eds continua en pleno crecimiento, hoy nos toca darle la bienvenida a la Escuela de Ajedrez de Bragado, entidad radicada en el interior de la provincia de Buenos Aires que a solicitado su afiliaci\u00f3n a FADA.<\/p>\n\n\n\n<p><\/p>\n","protected":false},"excerpt":{"rendered":"<p>Hasta el \u00faltimo mes del a\u00f1o el Ajedrez Federado de nuestro pa\u00eds continua en pleno crecimiento, hoy nos toca darle la bienvenida a&hellip;<\/p>\n","protected":false},"author":1,"featured_media":7998,"comment_status":"closed","ping_status":"closed","sticky":false,"template":"","format":"standard","meta":{"footnotes":""},"categories":[27,38,13],"tags":[],"class_list":["post-7997","post","type-post","status-publish","format-standard","has-post-thumbnail","hentry","category-entidades-afiliadas","category-noticias-2024","category-noticias-destacadas"],"_links":{"self":[{"href":"https:\/\/federacionargentinadeajedrez.org\/index.php?rest_route=\/wp\/v2\/posts\/7997","targetHints":{"allow":["GET"]}}],"collection":[{"href":"https:\/\/federacionargentinadeajedrez.org\/index.php?rest_route=\/wp\/v2\/posts"}],"about":[{"href":"https:\/\/federacionargentinadeajedrez.org\/index.php?rest_route=\/wp\/v2\/types\/post"}],"author":[{"embeddable":true,"href":"https:\/\/federacionargentinadeajedrez.org\/index.php?rest_route=\/wp\/v2\/users\/1"}],"replies":[{"embeddable":true,"href":"https:\/\/federacionargentinadeajedrez.org\/index.php?rest_route=%2Fwp%2Fv2%2Fcomments&post=7997"}],"version-history":[{"count":1,"href":"https:\/\/federacionargentinadeajedrez.org\/index.php?rest_route=\/wp\/v2\/posts\/7997\/revisions"}],"predecessor-version":[{"id":7999,"href":"https:\/\/federacionargentinadeajedrez.org\/index.php?rest_route=\/wp\/v2\/posts\/7997\/revisions\/7999"}],"wp:featuredmedia":[{"embeddable":true,"href":"https:\/\/federacionargentinadeajedrez.org\/index.php?rest_route=\/wp\/v2\/media\/7998"}],"wp:attachment":[{"href":"https:\/\/federacionargentinadeajedrez.org\/index.php?rest_route=%2Fwp%2Fv2%2Fmedia&parent=7997"}],"wp:term":[{"taxonomy":"category","embeddable":true,"href":"https:\/\/federacionargentinadeajedrez.org\/index.php?rest_route=%2Fwp%2Fv2%2Fcategories&post=7997"},{"taxonomy":"post_tag","embeddable":true,"href":"https:\/\/federacionargentinadeajedrez.org\/index.php?rest_route=%2Fwp%2Fv2%2Ftags&post=7997"}],"curies":[{"name":"wp","href":"https:\/\/api.w.org\/{rel}","templated":true}]}}