{"id":8012,"date":"2024-12-18T22:50:14","date_gmt":"2024-12-18T22:50:14","guid":{"rendered":"https:\/\/federacionargentinadeajedrez.org\/?p=8012"},"modified":"2025-01-03T22:53:20","modified_gmt":"2025-01-03T22:53:20","slug":"comenzo-el-i-congreso-escolar-de-ajedrez","status":"publish","type":"post","link":"https:\/\/federacionargentinadeajedrez.org\/?p=8012","title":{"rendered":"Comenz\u00f3 el I Congreso Escolar de Ajedrez"},"content":{"rendered":"\n<figure class=\"wp-block-image size-full\"><img decoding=\"async\" src=\"https:\/\/federacionargentinadeajedrez.org\/wp-content\/uploads\/2025\/01\/congresoajeescolar1.jpg\" alt=\"\" class=\"wp-image-8013\"\/><\/figure>\n\n\n\n<p>Hoy dio inicio el I Congreso Escolar de Ajedrez Aires 2024 CCA-FIDE Am\u00e9rica, este destacado evento se realiza en el Centro Universitario Vicente L\u00f3pez y re\u00fane a personalidades clave vinculadas al desarrollo del ajedrez escolar en Am\u00e9rica. La primera jornada estuvo repleta de actividades que se extendieron por alrededor de siete horas, comenzando a las 10:00 a.m. La ceremonia de inauguraci\u00f3n cont\u00f3 con la presencia de la intendenta de <a><\/a>Vicente L\u00f3pez, Soledad Mart\u00ednez, quien fue distinguida por las autoridades de la FIDE presentes, encabezadas por Dana Reizniece-Ozola, Directora General de FIDE. En este marco, se reconoci\u00f3 oficialmente a Vicente L\u00f3pez como la Capital del Ajedrez Escolar de las Am\u00e9ricas. Entre los miembros de la FIDE que participaron de la inauguraci\u00f3n estuvo Jerry Nash, Presidente de la Comisi\u00f3n Internacional de Ajedrez Escolar de FIDE. Por parte de la Federaci\u00f3n Argentina de Ajedrez (FADA), el Director Ejecutivo Mario Petrucci y el presidente Alejandro Saas tambi\u00e9n le dieron bienvenida a conferencistas y espectadores de este importante evento.<\/p>\n\n\n\n<p>Durante la jornada inaugural, se realizaron varias conferencias a cargo de expertos nacionales e internacionales, entre las que se destacaron:<\/p>\n\n\n\n<p>GM Oscar Panno (Argentina): \u00abPortal de Ajedrez Educatico\u00bb<\/p>\n\n\n\n<p>Ing. Mario Petrucci (Argentina): \u00abEscuela Municipal Ruy L\u00f3pez de Segura\u00bb.<\/p>\n\n\n\n<p>Prof. Mauricio Arias (Costa Rica): \u00abPanorama del Ajedrez Escolar en CCA-FIDE Am\u00e9rica\u00bb.<\/p>\n\n\n\n<p>Jerry Nash (EE.UU.): \u00abAjedrez en las Escuelas\u00bb.<\/p>\n\n\n\n<p>Prof. Jordi Prio EDUCARED (Espa\u00f1a): \u00abDel Ajedrez Transversal y Gamificado al Ajedrez Educativo\u00bb.<\/p>\n\n\n\n<p>An\u00edbal Jozami Rector UNTREF: Diplomatura de Ajedrez (Argentina).<\/p>\n\n\n\n<p>Ivette Garc\u00eda: \u00abPlataforma moderna para los m\u00e1s chicos: ChessKid\u00bb.<\/p>\n\n\n\n<p>Abelardo Montiel (Paraguay): \u00abTerapia a trav\u00e9s del juego en ni\u00f1as y ni\u00f1os con TDAH\u00bb.<\/p>\n\n\n\n<p>Dr. Ariel Arbiser (Argentina): \u00abProblemas combinatorios de ajedrez, patrones y diificultades\u00bb.<\/p>\n\n\n\n<p>Proyecto Peoncito (Argentina): \u00abAjedrez en los jardines de infantes\u00bb.<\/p>\n\n\n\n<p>Prof. Marcelo Reides y Gustavo Aguila (Argentina): \u00abA 35 a\u00f1os de CAISITA\u00bb.<\/p>\n\n\n\n<p>El congreso continuar\u00e1 este jueves a partir de las 10:00 a.m. en Villate 4480, Munro, Vicente L\u00f3pez, con una agenda que incluir\u00e1 nuevas exposiciones de expertos provenientes de diversas partes del mundo. Una oportunidad \u00fanica para seguir fortaleciendo el papel del ajedrez en el \u00e1mbito educativo.<\/p>\n\n\n\n<iframe loading=\"lazy\" src=\"https:\/\/www.facebook.com\/plugins\/post.php?href=https%3A%2F%2Fwww.facebook.com%2Ffadafanpage%2Fposts%2Fpfbid0WSmehpziUyfEFYiCVrdQx4XJjhBTNs7CrPvq1Ky7pHL9Maa99zXp1cDjCNUrUTYGl&#038;show_text=true&#038;width=500\" width=\"500\" height=\"704\" style=\"border:none;overflow:hidden\" scrolling=\"no\" frameborder=\"0\" allowfullscreen=\"true\" allow=\"autoplay; clipboard-write; encrypted-media; picture-in-picture; web-share\"><\/iframe>\n","protected":false},"excerpt":{"rendered":"<p>Hoy dio inicio el I Congreso Escolar de Ajedrez Aires 2024 CCA-FIDE Am\u00e9rica, este destacado evento se realiza en el Centro Universitario Vicente&hellip;<\/p>\n","protected":false},"author":1,"featured_media":8013,"comment_status":"closed","ping_status":"closed","sticky":false,"template":"","format":"standard","meta":{"footnotes":""},"categories":[14,38,13,11],"tags":[],"class_list":["post-8012","post","type-post","status-publish","format-standard","has-post-thumbnail","hentry","category-fide","category-noticias-2024","category-noticias-destacadas","category-presencia-institucional"],"_links":{"self":[{"href":"https:\/\/federacionargentinadeajedrez.org\/index.php?rest_route=\/wp\/v2\/posts\/8012","targetHints":{"allow":["GET"]}}],"collection":[{"href":"https:\/\/federacionargentinadeajedrez.org\/index.php?rest_route=\/wp\/v2\/posts"}],"about":[{"href":"https:\/\/federacionargentinadeajedrez.org\/index.php?rest_route=\/wp\/v2\/types\/post"}],"author":[{"embeddable":true,"href":"https:\/\/federacionargentinadeajedrez.org\/index.php?rest_route=\/wp\/v2\/users\/1"}],"replies":[{"embeddable":true,"href":"https:\/\/federacionargentinadeajedrez.org\/index.php?rest_route=%2Fwp%2Fv2%2Fcomments&post=8012"}],"version-history":[{"count":1,"href":"https:\/\/federacionargentinadeajedrez.org\/index.php?rest_route=\/wp\/v2\/posts\/8012\/revisions"}],"predecessor-version":[{"id":8014,"href":"https:\/\/federacionargentinadeajedrez.org\/index.php?rest_route=\/wp\/v2\/posts\/8012\/revisions\/8014"}],"wp:featuredmedia":[{"embeddable":true,"href":"https:\/\/federacionargentinadeajedrez.org\/index.php?rest_route=\/wp\/v2\/media\/8013"}],"wp:attachment":[{"href":"https:\/\/federacionargentinadeajedrez.org\/index.php?rest_route=%2Fwp%2Fv2%2Fmedia&parent=8012"}],"wp:term":[{"taxonomy":"category","embeddable":true,"href":"https:\/\/federacionargentinadeajedrez.org\/index.php?rest_route=%2Fwp%2Fv2%2Fcategories&post=8012"},{"taxonomy":"post_tag","embeddable":true,"href":"https:\/\/federacionargentinadeajedrez.org\/index.php?rest_route=%2Fwp%2Fv2%2Ftags&post=8012"}],"curies":[{"name":"wp","href":"https:\/\/api.w.org\/{rel}","templated":true}]}}