{"id":8161,"date":"2025-03-14T20:14:08","date_gmt":"2025-03-14T20:14:08","guid":{"rendered":"https:\/\/federacionargentinadeajedrez.org\/?p=8161"},"modified":"2025-03-14T20:14:10","modified_gmt":"2025-03-14T20:14:10","slug":"fada-y-afa-consolidan-su-trabajo-conjunto-con-nuevos-proyectos-para-2025","status":"publish","type":"post","link":"https:\/\/federacionargentinadeajedrez.org\/?p=8161","title":{"rendered":"FADA y AFA consolidan su trabajo conjunto con nuevos proyectos para 2025"},"content":{"rendered":"\n<figure class=\"wp-block-image size-large\"><img loading=\"lazy\" decoding=\"async\" width=\"1024\" height=\"1024\" src=\"https:\/\/federacionargentinadeajedrez.org\/wp-content\/uploads\/2025\/03\/REDES-FADA-4-1024x1024.png\" alt=\"\" class=\"wp-image-8163\" srcset=\"https:\/\/federacionargentinadeajedrez.org\/wp-content\/uploads\/2025\/03\/REDES-FADA-4-1024x1024.png 1024w, https:\/\/federacionargentinadeajedrez.org\/wp-content\/uploads\/2025\/03\/REDES-FADA-4-300x300.png 300w, https:\/\/federacionargentinadeajedrez.org\/wp-content\/uploads\/2025\/03\/REDES-FADA-4-150x150.png 150w, https:\/\/federacionargentinadeajedrez.org\/wp-content\/uploads\/2025\/03\/REDES-FADA-4-768x768.png 768w, https:\/\/federacionargentinadeajedrez.org\/wp-content\/uploads\/2025\/03\/REDES-FADA-4.png 1080w\" sizes=\"auto, (max-width: 1024px) 100vw, 1024px\" \/><\/figure>\n\n\n\n<p>En la sede de la Federaci\u00f3n Argentina de Ajedrez (FADA) se llev\u00f3 a cabo un importante encuentro entre el Director Ejecutivo de FADA, Mario Petrucci, y el Presidente de Cultura de la Asociaci\u00f3n del F\u00fatbol Argentino (AFA), Walter Zalckman.<\/p>\n\n\n\n<p>Durante la reuni\u00f3n, ambas autoridades repasaron los avances logrados en los \u00faltimos a\u00f1os a partir del convenio institucional que vincula a ambas entidades. Asimismo, comenzaron a delinear una agenda de trabajo para 2025, que incluir\u00e1, entre otras iniciativas, la organizaci\u00f3n de una nueva copa mixta, v\u00e1lida para el ranking mundial.<\/p>\n\n\n\n<figure class=\"wp-block-image size-large\"><img loading=\"lazy\" decoding=\"async\" width=\"1200\" height=\"1200\" src=\"https:\/\/federacionargentinadeajedrez.org\/wp-content\/uploads\/2025\/03\/WhatsApp-Image-2025-03-14-at-5.01.13-PM-1-edited.jpeg\" alt=\"\" class=\"wp-image-8164\" srcset=\"https:\/\/federacionargentinadeajedrez.org\/wp-content\/uploads\/2025\/03\/WhatsApp-Image-2025-03-14-at-5.01.13-PM-1-edited.jpeg 1200w, https:\/\/federacionargentinadeajedrez.org\/wp-content\/uploads\/2025\/03\/WhatsApp-Image-2025-03-14-at-5.01.13-PM-1-edited-300x300.jpeg 300w, https:\/\/federacionargentinadeajedrez.org\/wp-content\/uploads\/2025\/03\/WhatsApp-Image-2025-03-14-at-5.01.13-PM-1-edited-1024x1024.jpeg 1024w, https:\/\/federacionargentinadeajedrez.org\/wp-content\/uploads\/2025\/03\/WhatsApp-Image-2025-03-14-at-5.01.13-PM-1-edited-150x150.jpeg 150w, https:\/\/federacionargentinadeajedrez.org\/wp-content\/uploads\/2025\/03\/WhatsApp-Image-2025-03-14-at-5.01.13-PM-1-edited-768x768.jpeg 768w\" sizes=\"auto, (max-width: 1200px) 100vw, 1200px\" \/><\/figure>\n\n\n\n<p>El v\u00ednculo entre FADA y AFA se ha fortalecido tanto en el \u00e1mbito deportivo como en el institucional. En este sentido, ambas federaciones trabajan en conjunto dentro del Comit\u00e9 Ol\u00edmpico Argentino, y han desarrollado con gran \u00e9xito la Copa Cultura AFA, un evento que cada a\u00f1o re\u00fane a decenas de equipos y a cientos de jugadores de todo el pa\u00eds.<\/p>\n\n\n\n<p>En representaci\u00f3n de FADA, tambi\u00e9n particip\u00f3 de la reuni\u00f3n el \u00c1rbitro FIDE y Prosecretario de la federaci\u00f3n, Luciano Godoy, quien aport\u00f3 su visi\u00f3n sobre los aspectos t\u00e9cnicos y organizativos de los futuros proyectos.<\/p>\n\n\n\n<p>Con este encuentro, FADA y AFA reafirman su compromiso de seguir promoviendo el ajedrez a trav\u00e9s de iniciativas que fortalezcan la presencia del deporte en diferentes \u00e1mbitos y contin\u00faen impulsando su crecimiento a nivel nacional.<\/p>\n\n\n\n<p><\/p>\n\n\n\n<p><\/p>\n","protected":false},"excerpt":{"rendered":"<p>En la sede de la Federaci\u00f3n Argentina de Ajedrez (FADA) se llev\u00f3 a cabo un importante encuentro entre el Director Ejecutivo de FADA,&hellip;<\/p>\n","protected":false},"author":1,"featured_media":8164,"comment_status":"closed","ping_status":"closed","sticky":false,"template":"","format":"standard","meta":{"footnotes":""},"categories":[45,13,11],"tags":[],"class_list":["post-8161","post","type-post","status-publish","format-standard","has-post-thumbnail","hentry","category-noticias-2025","category-noticias-destacadas","category-presencia-institucional"],"_links":{"self":[{"href":"https:\/\/federacionargentinadeajedrez.org\/index.php?rest_route=\/wp\/v2\/posts\/8161","targetHints":{"allow":["GET"]}}],"collection":[{"href":"https:\/\/federacionargentinadeajedrez.org\/index.php?rest_route=\/wp\/v2\/posts"}],"about":[{"href":"https:\/\/federacionargentinadeajedrez.org\/index.php?rest_route=\/wp\/v2\/types\/post"}],"author":[{"embeddable":true,"href":"https:\/\/federacionargentinadeajedrez.org\/index.php?rest_route=\/wp\/v2\/users\/1"}],"replies":[{"embeddable":true,"href":"https:\/\/federacionargentinadeajedrez.org\/index.php?rest_route=%2Fwp%2Fv2%2Fcomments&post=8161"}],"version-history":[{"count":1,"href":"https:\/\/federacionargentinadeajedrez.org\/index.php?rest_route=\/wp\/v2\/posts\/8161\/revisions"}],"predecessor-version":[{"id":8165,"href":"https:\/\/federacionargentinadeajedrez.org\/index.php?rest_route=\/wp\/v2\/posts\/8161\/revisions\/8165"}],"wp:featuredmedia":[{"embeddable":true,"href":"https:\/\/federacionargentinadeajedrez.org\/index.php?rest_route=\/wp\/v2\/media\/8164"}],"wp:attachment":[{"href":"https:\/\/federacionargentinadeajedrez.org\/index.php?rest_route=%2Fwp%2Fv2%2Fmedia&parent=8161"}],"wp:term":[{"taxonomy":"category","embeddable":true,"href":"https:\/\/federacionargentinadeajedrez.org\/index.php?rest_route=%2Fwp%2Fv2%2Fcategories&post=8161"},{"taxonomy":"post_tag","embeddable":true,"href":"https:\/\/federacionargentinadeajedrez.org\/index.php?rest_route=%2Fwp%2Fv2%2Ftags&post=8161"}],"curies":[{"name":"wp","href":"https:\/\/api.w.org\/{rel}","templated":true}]}}