{"id":8216,"date":"2025-03-27T13:27:59","date_gmt":"2025-03-27T13:27:59","guid":{"rendered":"https:\/\/federacionargentinadeajedrez.org\/?p=8216"},"modified":"2025-03-27T13:27:59","modified_gmt":"2025-03-27T13:27:59","slug":"ajedrez-por-la-memoria-verdad-y-justicia","status":"publish","type":"post","link":"https:\/\/federacionargentinadeajedrez.org\/?p=8216","title":{"rendered":"Ajedrez por la memoria verdad y justicia"},"content":{"rendered":"\n<figure class=\"wp-block-image size-large\"><img loading=\"lazy\" decoding=\"async\" width=\"1024\" height=\"684\" src=\"https:\/\/federacionargentinadeajedrez.org\/wp-content\/uploads\/2025\/03\/equipocampeonliganacional-1024x684.jpg\" alt=\"\" class=\"wp-image-8217\" srcset=\"https:\/\/federacionargentinadeajedrez.org\/wp-content\/uploads\/2025\/03\/equipocampeonliganacional-1024x684.jpg 1024w, https:\/\/federacionargentinadeajedrez.org\/wp-content\/uploads\/2025\/03\/equipocampeonliganacional-300x200.jpg 300w, https:\/\/federacionargentinadeajedrez.org\/wp-content\/uploads\/2025\/03\/equipocampeonliganacional-768x513.jpg 768w, https:\/\/federacionargentinadeajedrez.org\/wp-content\/uploads\/2025\/03\/equipocampeonliganacional-1536x1026.jpg 1536w, https:\/\/federacionargentinadeajedrez.org\/wp-content\/uploads\/2025\/03\/equipocampeonliganacional.jpg 2048w\" sizes=\"auto, (max-width: 1024px) 100vw, 1024px\" \/><figcaption class=\"wp-element-caption\">Equipo Campe\u00f3n OBRAS IUAS (Instituto Universitario Aguas y Sanidad)<\/figcaption><\/figure>\n\n\n\n<p>El <a><\/a>deporte tambi\u00e9n se sum\u00f3 a los eventos del 49 aniversario del 24 de marzo, una vez m\u00e1s como hace 20 a\u00f1os la Liga Nacional de Ajedrez organiz\u00f3 la final de la Copa de Campeones.<\/p>\n\n\n\n<p>En esta fecha tan significativa, como en las \u00faltimas 5 ediciones, la final cont\u00f3 con el apoyo del SUTERH, realiz\u00e1ndose sus instalaciones en el Polideportivo de Sald\u00edas. Sum\u00e1ndose esta vez GODeportivo con quien la Federaci\u00f3n Argentina de Ajedrez viene trabajando para darle voz a sus deportistas.<\/p>\n\n\n\n<p>Se consagr\u00f3 campe\u00f3n OBRAS IUAS (Instituto Universitario Aguas y Sanidad) con el GM Andr\u00e9s Rodr\u00edguez, Franco Villegas y Ernesto Real de Azua.<\/p>\n\n\n\n<p>Durante la entrega de premios, acompa\u00f1aron a Mario Petrucci, Emiliano Ojea y Jos\u00e9 Santa Mar\u00eda, coordinadores de GODeportivo y del Polideportivo, destacaron la importancia de que las competencias deportivas sirvan para concientizar a las y los j\u00f3venes y de mantener viva la memoria de decirle \u00abnunca mas\u00bb al terrorismo de estado y a la dictadura militar, seguir con el pedido de verdad y justicia, y llamaron a defender la democracia siempre.<\/p>\n\n\n\n<p>El presidente de la Liga Nacional reitero su compromiso para la pr\u00f3xima edici\u00f3n,<\/p>\n\n\n\n<p>Completaron el podio: Obras &#8211; AySA y el Club Ferrocarril Oeste.<br>El torneo cont\u00f3 con 24 jugadores con t\u00edtulos internacionales, siendo el torneo por equipos de mayor jerarqu\u00eda del calendario anual.<\/p>\n\n\n\n<p><a href=\"https:\/\/drive.google.com\/drive\/folders\/1DpVJUkP73vFsxPrTYKuBVHNmLmsgCd2m?usp=sharing\" data-type=\"link\" data-id=\"https:\/\/drive.google.com\/drive\/folders\/1DpVJUkP73vFsxPrTYKuBVHNmLmsgCd2m?usp=sharing\"><strong>GALERIA DE IMAGENES <\/strong><\/a><\/p>\n\n\n\n<p><\/p>\n","protected":false},"excerpt":{"rendered":"<p>El deporte tambi\u00e9n se sum\u00f3 a los eventos del 49 aniversario del 24 de marzo, una vez m\u00e1s como hace 20 a\u00f1os la&hellip;<\/p>\n","protected":false},"author":1,"featured_media":8218,"comment_status":"closed","ping_status":"closed","sticky":false,"template":"","format":"standard","meta":{"footnotes":""},"categories":[45,13,11,6],"tags":[],"class_list":["post-8216","post","type-post","status-publish","format-standard","has-post-thumbnail","hentry","category-noticias-2025","category-noticias-destacadas","category-presencia-institucional","category-torneos-en-argentina"],"_links":{"self":[{"href":"https:\/\/federacionargentinadeajedrez.org\/index.php?rest_route=\/wp\/v2\/posts\/8216","targetHints":{"allow":["GET"]}}],"collection":[{"href":"https:\/\/federacionargentinadeajedrez.org\/index.php?rest_route=\/wp\/v2\/posts"}],"about":[{"href":"https:\/\/federacionargentinadeajedrez.org\/index.php?rest_route=\/wp\/v2\/types\/post"}],"author":[{"embeddable":true,"href":"https:\/\/federacionargentinadeajedrez.org\/index.php?rest_route=\/wp\/v2\/users\/1"}],"replies":[{"embeddable":true,"href":"https:\/\/federacionargentinadeajedrez.org\/index.php?rest_route=%2Fwp%2Fv2%2Fcomments&post=8216"}],"version-history":[{"count":1,"href":"https:\/\/federacionargentinadeajedrez.org\/index.php?rest_route=\/wp\/v2\/posts\/8216\/revisions"}],"predecessor-version":[{"id":8219,"href":"https:\/\/federacionargentinadeajedrez.org\/index.php?rest_route=\/wp\/v2\/posts\/8216\/revisions\/8219"}],"wp:featuredmedia":[{"embeddable":true,"href":"https:\/\/federacionargentinadeajedrez.org\/index.php?rest_route=\/wp\/v2\/media\/8218"}],"wp:attachment":[{"href":"https:\/\/federacionargentinadeajedrez.org\/index.php?rest_route=%2Fwp%2Fv2%2Fmedia&parent=8216"}],"wp:term":[{"taxonomy":"category","embeddable":true,"href":"https:\/\/federacionargentinadeajedrez.org\/index.php?rest_route=%2Fwp%2Fv2%2Fcategories&post=8216"},{"taxonomy":"post_tag","embeddable":true,"href":"https:\/\/federacionargentinadeajedrez.org\/index.php?rest_route=%2Fwp%2Fv2%2Ftags&post=8216"}],"curies":[{"name":"wp","href":"https:\/\/api.w.org\/{rel}","templated":true}]}}