{"id":836,"date":"2019-11-25T23:46:47","date_gmt":"2019-11-25T23:46:47","guid":{"rendered":"https:\/\/federacionargentinadeajedrez.org\/?p=836"},"modified":"2019-11-27T18:47:59","modified_gmt":"2019-11-27T18:47:59","slug":"nuevas-autoridades-de-fada","status":"publish","type":"post","link":"https:\/\/federacionargentinadeajedrez.org\/?p=836","title":{"rendered":"Nuevas autoridades de FADA"},"content":{"rendered":"\n<p>El \u00faltimo s\u00e1bado se realiz\u00f3 en el CeNARD la asamblea anual ordinaria 2019 de la Federaci\u00f3n Argentina de Ajedrez y se presentaron las auoridades que conformaran la comisi\u00f3n directiva para durante los pr\u00f3ximos dos a\u00f1os.<br> Es importante destacar que en las pr\u00f3ximas semanas se sabr\u00e1 que lugar ocupar\u00e1 cada persona en la comisi\u00f3n directiva de la Federaci\u00f3n Argentina de Ajedrez.<br><br>Presidente: Mario Petrucci FAVILO<br><strong>Titulares\u00a0 por Orden Alfab\u00e9tico- Electos en la Asamblea del 23\/11\/2019<\/strong><br>Aguila, Gustavo (FMDA)<br>Alegre, Eugenia (FMDA)<br>Castillo, Santiago (Circulo de Ajedrez de Tigre)<br>Fiori, H\u00e9ctor (FMDA)<br>Hansmann, Chaskiel (FMDA)<br>Jaureguiberry, Juan (Asociaci\u00f3n Rosarina De Ajedrez)\u00a0<br>Minuto, Jorge (FMDA)<br>Nogu\u00e9s, Alejandro (FMDA)<br>Sass, Alejandro (FMDA)<br>Slipak, Sergio (Circulo de Ajedrez de Villa Martelli)<br><br><strong>Suplentes<\/strong><br>Cabanillas, Teo (Circulo de Ajedrez de Coronel Pringles)<br>Gayoso, Alejandra ( UTHGRA)<br>Santucho, Jorge (Caballo Blanco)Sardegna, Paula (FMDA)<br><\/p>\n","protected":false},"excerpt":{"rendered":"<p>El \u00faltimo s\u00e1bado se realiz\u00f3 en el CeNARD la asamblea anual ordinaria 2019 de la Federaci\u00f3n Argentina de Ajedrez y se presentaron las&hellip;<\/p>\n","protected":false},"author":1,"featured_media":0,"comment_status":"closed","ping_status":"closed","sticky":false,"template":"","format":"standard","meta":{"footnotes":""},"categories":[5],"tags":[],"class_list":["post-836","post","type-post","status-publish","format-standard","hentry","category-noticias-2019"],"_links":{"self":[{"href":"https:\/\/federacionargentinadeajedrez.org\/index.php?rest_route=\/wp\/v2\/posts\/836","targetHints":{"allow":["GET"]}}],"collection":[{"href":"https:\/\/federacionargentinadeajedrez.org\/index.php?rest_route=\/wp\/v2\/posts"}],"about":[{"href":"https:\/\/federacionargentinadeajedrez.org\/index.php?rest_route=\/wp\/v2\/types\/post"}],"author":[{"embeddable":true,"href":"https:\/\/federacionargentinadeajedrez.org\/index.php?rest_route=\/wp\/v2\/users\/1"}],"replies":[{"embeddable":true,"href":"https:\/\/federacionargentinadeajedrez.org\/index.php?rest_route=%2Fwp%2Fv2%2Fcomments&post=836"}],"version-history":[{"count":2,"href":"https:\/\/federacionargentinadeajedrez.org\/index.php?rest_route=\/wp\/v2\/posts\/836\/revisions"}],"predecessor-version":[{"id":838,"href":"https:\/\/federacionargentinadeajedrez.org\/index.php?rest_route=\/wp\/v2\/posts\/836\/revisions\/838"}],"wp:attachment":[{"href":"https:\/\/federacionargentinadeajedrez.org\/index.php?rest_route=%2Fwp%2Fv2%2Fmedia&parent=836"}],"wp:term":[{"taxonomy":"category","embeddable":true,"href":"https:\/\/federacionargentinadeajedrez.org\/index.php?rest_route=%2Fwp%2Fv2%2Fcategories&post=836"},{"taxonomy":"post_tag","embeddable":true,"href":"https:\/\/federacionargentinadeajedrez.org\/index.php?rest_route=%2Fwp%2Fv2%2Ftags&post=836"}],"curies":[{"name":"wp","href":"https:\/\/api.w.org\/{rel}","templated":true}]}}