{"id":8541,"date":"2025-07-10T14:37:47","date_gmt":"2025-07-10T14:37:47","guid":{"rendered":"https:\/\/federacionargentinadeajedrez.org\/?p=8541"},"modified":"2025-07-15T14:40:00","modified_gmt":"2025-07-15T14:40:00","slug":"tomas-casquero-doble-subcampeon-sudamericano-escolar","status":"publish","type":"post","link":"https:\/\/federacionargentinadeajedrez.org\/?p=8541","title":{"rendered":"Tom\u00e1s Casquero, doble subcampe\u00f3n sudamericano escolar"},"content":{"rendered":"\n<p>El joven ajedrecista pergaminense Tom\u00e1s Casquero realiz\u00f3 una gran actuaci\u00f3n en el Campeonato Sudamericano Escolar de Ajedrez disputado en Temuco, Chile, donde se consagr\u00f3 doble subcampe\u00f3n en la categor\u00eda Sub 9.<\/p>\n\n\n\n<p>Siendo el \u00fanico argentino en su categor\u00eda, Casquero obtuvo la medalla de plata en las modalidades Blitz y Cl\u00e1sica. En Blitz, modalidad de partidas r\u00e1pidas (3 minutos m\u00e1s 2 segundos), sum\u00f3 8,5 puntos en 11 rondas y finaliz\u00f3 en el segundo puesto tras un triple empate en la cima. Luego repiti\u00f3 su gran desempe\u00f1o en la modalidad Cl\u00e1sica, consolidando una actuaci\u00f3n sobresaliente.<\/p>\n\n\n\n<p>Tras su destacada actuaci\u00f3n internacional, Tom\u00e1s ser\u00e1 uno de los protagonistas del I Campeonato Argentino de Ajedrez \u2013 Olimpiada Escolar, que se realizar\u00e1 en Vicente L\u00f3pez del 18 al 22 de julio en un evento que reunir\u00e1 a j\u00f3venes talentos de todo el pa\u00eds.<\/p>\n\n\n\n<p>Felicitaciones, Tom\u00e1s.<\/p>\n\n\n\n<p><\/p>\n","protected":false},"excerpt":{"rendered":"<p>El joven ajedrecista pergaminense Tom\u00e1s Casquero realiz\u00f3 una gran actuaci\u00f3n en el Campeonato Sudamericano Escolar de Ajedrez disputado en Temuco, Chile, donde se&hellip;<\/p>\n","protected":false},"author":1,"featured_media":8542,"comment_status":"closed","ping_status":"closed","sticky":false,"template":"","format":"standard","meta":{"footnotes":""},"categories":[45,13],"tags":[],"class_list":["post-8541","post","type-post","status-publish","format-standard","has-post-thumbnail","hentry","category-noticias-2025","category-noticias-destacadas"],"_links":{"self":[{"href":"https:\/\/federacionargentinadeajedrez.org\/index.php?rest_route=\/wp\/v2\/posts\/8541","targetHints":{"allow":["GET"]}}],"collection":[{"href":"https:\/\/federacionargentinadeajedrez.org\/index.php?rest_route=\/wp\/v2\/posts"}],"about":[{"href":"https:\/\/federacionargentinadeajedrez.org\/index.php?rest_route=\/wp\/v2\/types\/post"}],"author":[{"embeddable":true,"href":"https:\/\/federacionargentinadeajedrez.org\/index.php?rest_route=\/wp\/v2\/users\/1"}],"replies":[{"embeddable":true,"href":"https:\/\/federacionargentinadeajedrez.org\/index.php?rest_route=%2Fwp%2Fv2%2Fcomments&post=8541"}],"version-history":[{"count":1,"href":"https:\/\/federacionargentinadeajedrez.org\/index.php?rest_route=\/wp\/v2\/posts\/8541\/revisions"}],"predecessor-version":[{"id":8543,"href":"https:\/\/federacionargentinadeajedrez.org\/index.php?rest_route=\/wp\/v2\/posts\/8541\/revisions\/8543"}],"wp:featuredmedia":[{"embeddable":true,"href":"https:\/\/federacionargentinadeajedrez.org\/index.php?rest_route=\/wp\/v2\/media\/8542"}],"wp:attachment":[{"href":"https:\/\/federacionargentinadeajedrez.org\/index.php?rest_route=%2Fwp%2Fv2%2Fmedia&parent=8541"}],"wp:term":[{"taxonomy":"category","embeddable":true,"href":"https:\/\/federacionargentinadeajedrez.org\/index.php?rest_route=%2Fwp%2Fv2%2Fcategories&post=8541"},{"taxonomy":"post_tag","embeddable":true,"href":"https:\/\/federacionargentinadeajedrez.org\/index.php?rest_route=%2Fwp%2Fv2%2Ftags&post=8541"}],"curies":[{"name":"wp","href":"https:\/\/api.w.org\/{rel}","templated":true}]}}