{"id":8602,"date":"2025-08-10T16:10:19","date_gmt":"2025-08-10T16:10:19","guid":{"rendered":"https:\/\/federacionargentinadeajedrez.org\/?p=8602"},"modified":"2025-08-13T17:10:10","modified_gmt":"2025-08-13T17:10:10","slug":"convocatoria-asamblea-extraordinaria-2","status":"publish","type":"post","link":"https:\/\/federacionargentinadeajedrez.org\/?p=8602","title":{"rendered":"Convocatoria asamblea extraordinaria"},"content":{"rendered":"\n<p>&nbsp;De conformidad con lo resuelto por la Junta Directiva, en reuni\u00f3n de fecha 5 de agosto de 2025, convocase a la Asamblea General extraordinaria 2025 para el d\u00eda 30 de agosto de 2025 a las 12 hs., la que se celebrar\u00e1 en el Palacio de las Aguas Corrientes, Viamonte 1951, CABA.<\/p>\n\n\n\n<p>Para la asignaci\u00f3n de poderes, los mismos deber\u00e1n ser enviados al mail oficial de la federaci\u00f3n argentina, <a href=\"about:blank\">federaci\u00f3n.argentina.ajedrez@gmail.com<\/a> , hasta 48 hs antes de la asamblea, del mismo modo podr\u00e1n presentarlo f\u00edsicamente hasta el momento de comienzo de la asamblea.<\/p>\n\n\n\n<h1 class=\"wp-block-heading\">Asamblea Extraordinaria \u2013 Orden del D\u00eda<\/h1>\n\n\n\n<ol class=\"wp-block-list\">\n<li>Designaci\u00f3n de la Comisi\u00f3n de Poderes, la cual estudiar\u00e1 las Credenciales de los delegados e informar\u00e1 a la Asamblea para su aprobaci\u00f3n. La asamblea podr\u00e1 dar validez a las credencias utilizadas en la asamblea general ordinaria.<\/li>\n\n\n\n<li>Elecci\u00f3n de dos (2) delegados para que suscriban el acta.\u00a0<\/li>\n\n\n\n<li>Tratamiento de la situacion de la federacion mendocina de ajedrez al d\u00eda de la fecha<\/li>\n\n\n\n<li>Nuevo c\u00f3digo electoral FADA<\/li>\n\n\n\n<li>Tratamiento de la situaci\u00f3n de los jugadores sancionados y\/o expulsados de FADA durante el \u00faltimo periodo<\/li>\n\n\n\n<li>\u00a0Suspensiones y\/o sanciones de instituciones que no cumplen las reglamentaciones de FADA.<\/li>\n<\/ol>\n\n\n\n<div data-wp-interactive=\"core\/file\" class=\"wp-block-file has-cyan-bluish-gray-background-color has-background has-link-color wp-elements-a0fed8f7856254dccc5ba1b702700c81\" style=\"padding-top:var(--wp--preset--spacing--20);padding-bottom:var(--wp--preset--spacing--20)\"><object data-wp-bind--hidden=\"!state.hasPdfPreview\" hidden class=\"wp-block-file__embed\" data=\"https:\/\/federacionargentinadeajedrez.org\/wp-content\/uploads\/2025\/08\/ASAMBLEA-EXTRAORDINARIA-2025-FADA.docx.pdf\" type=\"application\/pdf\" style=\"width:100%;height:1088px\" aria-label=\"Incrustado de ASAMBLEA EXTRAORDINARIA 2025 FADA.docx.\"><\/object><a id=\"wp-block-file--media-9da7f876-f17b-4c91-ba20-44ab9a044a68\" href=\"https:\/\/federacionargentinadeajedrez.org\/wp-content\/uploads\/2025\/08\/ASAMBLEA-EXTRAORDINARIA-2025-FADA.docx.pdf\" target=\"_blank\" rel=\"noreferrer noopener\">ASAMBLEA EXTRAORDINARIA 2025 FADA.docx<\/a><a href=\"https:\/\/federacionargentinadeajedrez.org\/wp-content\/uploads\/2025\/08\/ASAMBLEA-EXTRAORDINARIA-2025-FADA.docx.pdf\" class=\"wp-block-file__button wp-element-button\" download aria-describedby=\"wp-block-file--media-9da7f876-f17b-4c91-ba20-44ab9a044a68\">Descarga<\/a><\/div>\n\n\n\n<p><\/p>\n","protected":false},"excerpt":{"rendered":"<p>&nbsp;De conformidad con lo resuelto por la Junta Directiva, en reuni\u00f3n de fecha 5 de agosto de 2025, convocase a la Asamblea General&hellip;<\/p>\n","protected":false},"author":1,"featured_media":2995,"comment_status":"closed","ping_status":"closed","sticky":false,"template":"","format":"standard","meta":{"footnotes":""},"categories":[45,13],"tags":[],"class_list":["post-8602","post","type-post","status-publish","format-standard","has-post-thumbnail","hentry","category-noticias-2025","category-noticias-destacadas"],"_links":{"self":[{"href":"https:\/\/federacionargentinadeajedrez.org\/index.php?rest_route=\/wp\/v2\/posts\/8602","targetHints":{"allow":["GET"]}}],"collection":[{"href":"https:\/\/federacionargentinadeajedrez.org\/index.php?rest_route=\/wp\/v2\/posts"}],"about":[{"href":"https:\/\/federacionargentinadeajedrez.org\/index.php?rest_route=\/wp\/v2\/types\/post"}],"author":[{"embeddable":true,"href":"https:\/\/federacionargentinadeajedrez.org\/index.php?rest_route=\/wp\/v2\/users\/1"}],"replies":[{"embeddable":true,"href":"https:\/\/federacionargentinadeajedrez.org\/index.php?rest_route=%2Fwp%2Fv2%2Fcomments&post=8602"}],"version-history":[{"count":3,"href":"https:\/\/federacionargentinadeajedrez.org\/index.php?rest_route=\/wp\/v2\/posts\/8602\/revisions"}],"predecessor-version":[{"id":8608,"href":"https:\/\/federacionargentinadeajedrez.org\/index.php?rest_route=\/wp\/v2\/posts\/8602\/revisions\/8608"}],"wp:featuredmedia":[{"embeddable":true,"href":"https:\/\/federacionargentinadeajedrez.org\/index.php?rest_route=\/wp\/v2\/media\/2995"}],"wp:attachment":[{"href":"https:\/\/federacionargentinadeajedrez.org\/index.php?rest_route=%2Fwp%2Fv2%2Fmedia&parent=8602"}],"wp:term":[{"taxonomy":"category","embeddable":true,"href":"https:\/\/federacionargentinadeajedrez.org\/index.php?rest_route=%2Fwp%2Fv2%2Fcategories&post=8602"},{"taxonomy":"post_tag","embeddable":true,"href":"https:\/\/federacionargentinadeajedrez.org\/index.php?rest_route=%2Fwp%2Fv2%2Ftags&post=8602"}],"curies":[{"name":"wp","href":"https:\/\/api.w.org\/{rel}","templated":true}]}}