{"id":8642,"date":"2025-09-01T12:57:57","date_gmt":"2025-09-01T12:57:57","guid":{"rendered":"https:\/\/federacionargentinadeajedrez.org\/?p=8642"},"modified":"2025-09-01T13:06:42","modified_gmt":"2025-09-01T13:06:42","slug":"asamblea-anual-de-la-federacion-argentina-de-ajedrez-2025","status":"publish","type":"post","link":"https:\/\/federacionargentinadeajedrez.org\/?p=8642","title":{"rendered":"Asamblea Anual de la Federaci\u00f3n Argentina de Ajedrez 2025"},"content":{"rendered":"\n<p><\/p>\n\n\n\n<p>La Federaci\u00f3n Argentina de Ajedrez celebr\u00f3 el pasado s\u00e1bado 30 de agosto su Asamblea Anual Ordinaria en el hist\u00f3rico Palacio de las Aguas, en la Ciudad de Buenos Aires.<\/p>\n\n\n\n<p>El encuentro reuni\u00f3 a representantes de 30 entidades afiliadas, quienes fueron recibidos por el director ejecutivo de FADA, Mario Petrucci, y el presidente, Alejandro Sass.<\/p>\n\n\n\n<p>Con amplia participaci\u00f3n y un marco de debate constructivo, la Asamblea reafirm\u00f3 el compromiso de la Federaci\u00f3n Argentina de Ajedrez con el desarrollo, la transparencia y el fortalecimiento del ajedrez en todo el pa\u00eds.<\/p>\n\n\n\n<p>Durante la jornada se presentaron los informes de las distintas comisiones: G\u00e9nero, Sostenibilidad, Medios y Comunicaci\u00f3n, FIDE, Comit\u00e9 Ol\u00edmpico, Torneos Federados y Open Chess Tour.<\/p>\n\n\n\n<p>Uno de los puntos a destacar especialmente es el crecimiento en la generaci\u00f3n de torneos: Argentina se ubic\u00f3 en el segundo lugar de toda Am\u00e9rica, solo detr\u00e1s de Estados Unidos, en cuanto a eventos registrados ante FIDE, con m\u00e1s de 500 torneos oficiales en el \u00faltimo a\u00f1o.<\/p>\n\n\n\n<figure class=\"wp-block-image size-large\"><img loading=\"lazy\" decoding=\"async\" width=\"768\" height=\"1024\" src=\"https:\/\/federacionargentinadeajedrez.org\/wp-content\/uploads\/2025\/09\/asambleaFADA4-768x1024.jpg\" alt=\"\" class=\"wp-image-8646\" srcset=\"https:\/\/federacionargentinadeajedrez.org\/wp-content\/uploads\/2025\/09\/asambleaFADA4-768x1024.jpg 768w, https:\/\/federacionargentinadeajedrez.org\/wp-content\/uploads\/2025\/09\/asambleaFADA4-225x300.jpg 225w, https:\/\/federacionargentinadeajedrez.org\/wp-content\/uploads\/2025\/09\/asambleaFADA4-1152x1536.jpg 1152w, https:\/\/federacionargentinadeajedrez.org\/wp-content\/uploads\/2025\/09\/asambleaFADA4-1024x1365.jpg 1024w, https:\/\/federacionargentinadeajedrez.org\/wp-content\/uploads\/2025\/09\/asambleaFADA4.jpg 1200w\" sizes=\"auto, (max-width: 768px) 100vw, 768px\" \/><figcaption class=\"wp-element-caption\">Mario Petrucci y Alejandro Sass.<\/figcaption><\/figure>\n\n\n\n<p>Tambi\u00e9n se aprobaron la Memoria, Balance General e Informe de la Comisi\u00f3n Revisora de Cuentas correspondientes al per\u00edodo 1 de agosto de 2024 \u2013 31 de julio de 2025, se ratificaron nuevas afiliaciones y se fijaron los valores de la cuota de afiliaci\u00f3n para 2026 y del costo del jugador declarado.<\/p>\n\n\n\n<p>Uno de los momentos centrales fue la elecci\u00f3n de autoridades para el pr\u00f3ximo per\u00edodo. La nueva Junta Directiva qued\u00f3 integrada por:<\/p>\n\n\n\n<ul class=\"wp-block-list\">\n<li>Javier Curilen<\/li>\n\n\n\n<li>Luciano Godoy<\/li>\n\n\n\n<li>Mario Petrucci<\/li>\n\n\n\n<li>H\u00e9ctor Fiori<\/li>\n\n\n\n<li>Juan Dur\u00e1n<\/li>\n\n\n\n<li>Nahuel Santianes<\/li>\n\n\n\n<li>Gustavo Vel\u00e1zquez<\/li>\n\n\n\n<li>Beatriz Liendro<\/li>\n\n\n\n<li>Raquel Herrera<\/li>\n\n\n\n<li>Alberto P\u00e9rez Bogado<\/li>\n<\/ul>\n\n\n\n<p>Como suplentes: Giuliana Bosco, Eugenia Alegre y Thiago Berterreigts.<\/p>\n\n\n\n<p>A continuaci\u00f3n, se realiz\u00f3 una Asamblea Extraordinaria en la que se trataron puntos de relevancia institucional: la situaci\u00f3n de la Federaci\u00f3n Mendocina de Ajedrez, la aprobaci\u00f3n del nuevo C\u00f3digo Electoral de FADA, el an\u00e1lisis de casos de jugadores sancionados y\/o expulsados, y la evaluaci\u00f3n de medidas sobre entidades que no cumplen con las normativas vigentes.<\/p>\n\n\n\n<p>En breve se publicar\u00e1 en la web de nuestra federaci\u00f3n todos los detalles.<\/p>\n\n\n\n<p>La Asamblea 2025 dej\u00f3 en claro que el ajedrez argentino sigue creciendo y consolid\u00e1ndose, con el trabajo conjunto de dirigentes, \u00e1rbitros, atletas y clubes que d\u00eda a d\u00eda hacen posible el desarrollo de nuestro deporte en todo el pa\u00eds.<\/p>\n\n\n\n<figure class=\"wp-block-gallery has-nested-images columns-2 is-cropped wp-block-gallery-1 is-layout-flex wp-block-gallery-is-layout-flex\">\n<figure class=\"wp-block-image size-large\"><img loading=\"lazy\" decoding=\"async\" width=\"1024\" height=\"768\" data-id=\"8650\" src=\"https:\/\/federacionargentinadeajedrez.org\/wp-content\/uploads\/2025\/09\/asambleaFADA-1024x768.jpg\" alt=\"\" class=\"wp-image-8650\" srcset=\"https:\/\/federacionargentinadeajedrez.org\/wp-content\/uploads\/2025\/09\/asambleaFADA-1024x768.jpg 1024w, https:\/\/federacionargentinadeajedrez.org\/wp-content\/uploads\/2025\/09\/asambleaFADA-300x225.jpg 300w, https:\/\/federacionargentinadeajedrez.org\/wp-content\/uploads\/2025\/09\/asambleaFADA-768x576.jpg 768w, https:\/\/federacionargentinadeajedrez.org\/wp-content\/uploads\/2025\/09\/asambleaFADA-1536x1152.jpg 1536w, https:\/\/federacionargentinadeajedrez.org\/wp-content\/uploads\/2025\/09\/asambleaFADA.jpg 1600w\" sizes=\"auto, (max-width: 1024px) 100vw, 1024px\" \/><\/figure>\n\n\n\n<figure class=\"wp-block-image size-large\"><img loading=\"lazy\" decoding=\"async\" width=\"1024\" height=\"768\" data-id=\"8648\" src=\"https:\/\/federacionargentinadeajedrez.org\/wp-content\/uploads\/2025\/09\/asambleaFADA2-1024x768.jpg\" alt=\"\" class=\"wp-image-8648\" srcset=\"https:\/\/federacionargentinadeajedrez.org\/wp-content\/uploads\/2025\/09\/asambleaFADA2-1024x768.jpg 1024w, https:\/\/federacionargentinadeajedrez.org\/wp-content\/uploads\/2025\/09\/asambleaFADA2-300x225.jpg 300w, https:\/\/federacionargentinadeajedrez.org\/wp-content\/uploads\/2025\/09\/asambleaFADA2-768x576.jpg 768w, https:\/\/federacionargentinadeajedrez.org\/wp-content\/uploads\/2025\/09\/asambleaFADA2-1536x1152.jpg 1536w, https:\/\/federacionargentinadeajedrez.org\/wp-content\/uploads\/2025\/09\/asambleaFADA2.jpg 1600w\" sizes=\"auto, (max-width: 1024px) 100vw, 1024px\" \/><\/figure>\n\n\n\n<figure class=\"wp-block-image size-large\"><img loading=\"lazy\" decoding=\"async\" width=\"1024\" height=\"768\" data-id=\"8649\" src=\"https:\/\/federacionargentinadeajedrez.org\/wp-content\/uploads\/2025\/09\/asambleaFADA3-1024x768.jpg\" alt=\"\" class=\"wp-image-8649\" srcset=\"https:\/\/federacionargentinadeajedrez.org\/wp-content\/uploads\/2025\/09\/asambleaFADA3-1024x768.jpg 1024w, https:\/\/federacionargentinadeajedrez.org\/wp-content\/uploads\/2025\/09\/asambleaFADA3-300x225.jpg 300w, https:\/\/federacionargentinadeajedrez.org\/wp-content\/uploads\/2025\/09\/asambleaFADA3-768x576.jpg 768w, https:\/\/federacionargentinadeajedrez.org\/wp-content\/uploads\/2025\/09\/asambleaFADA3-1536x1152.jpg 1536w, https:\/\/federacionargentinadeajedrez.org\/wp-content\/uploads\/2025\/09\/asambleaFADA3.jpg 1600w\" sizes=\"auto, (max-width: 1024px) 100vw, 1024px\" \/><\/figure>\n\n\n\n<figure class=\"wp-block-image size-large\"><img loading=\"lazy\" decoding=\"async\" width=\"768\" height=\"1024\" data-id=\"8646\" src=\"https:\/\/federacionargentinadeajedrez.org\/wp-content\/uploads\/2025\/09\/asambleaFADA4-768x1024.jpg\" alt=\"\" class=\"wp-image-8646\" srcset=\"https:\/\/federacionargentinadeajedrez.org\/wp-content\/uploads\/2025\/09\/asambleaFADA4-768x1024.jpg 768w, https:\/\/federacionargentinadeajedrez.org\/wp-content\/uploads\/2025\/09\/asambleaFADA4-225x300.jpg 225w, https:\/\/federacionargentinadeajedrez.org\/wp-content\/uploads\/2025\/09\/asambleaFADA4-1152x1536.jpg 1152w, https:\/\/federacionargentinadeajedrez.org\/wp-content\/uploads\/2025\/09\/asambleaFADA4-1024x1365.jpg 1024w, https:\/\/federacionargentinadeajedrez.org\/wp-content\/uploads\/2025\/09\/asambleaFADA4.jpg 1200w\" sizes=\"auto, (max-width: 768px) 100vw, 768px\" \/><\/figure>\n\n\n\n<figure class=\"wp-block-image size-large\"><img loading=\"lazy\" decoding=\"async\" width=\"768\" height=\"1024\" data-id=\"8647\" src=\"https:\/\/federacionargentinadeajedrez.org\/wp-content\/uploads\/2025\/09\/asambleaFADA6-768x1024.jpg\" alt=\"\" class=\"wp-image-8647\" srcset=\"https:\/\/federacionargentinadeajedrez.org\/wp-content\/uploads\/2025\/09\/asambleaFADA6-768x1024.jpg 768w, https:\/\/federacionargentinadeajedrez.org\/wp-content\/uploads\/2025\/09\/asambleaFADA6-225x300.jpg 225w, https:\/\/federacionargentinadeajedrez.org\/wp-content\/uploads\/2025\/09\/asambleaFADA6-1152x1536.jpg 1152w, https:\/\/federacionargentinadeajedrez.org\/wp-content\/uploads\/2025\/09\/asambleaFADA6-1024x1365.jpg 1024w, https:\/\/federacionargentinadeajedrez.org\/wp-content\/uploads\/2025\/09\/asambleaFADA6.jpg 1200w\" sizes=\"auto, (max-width: 768px) 100vw, 768px\" \/><\/figure>\n\n\n\n<figure class=\"wp-block-image size-large\"><img loading=\"lazy\" decoding=\"async\" width=\"768\" height=\"1024\" data-id=\"8645\" src=\"https:\/\/federacionargentinadeajedrez.org\/wp-content\/uploads\/2025\/09\/ASAMBLEAFADA7-768x1024.jpg\" alt=\"\" class=\"wp-image-8645\" srcset=\"https:\/\/federacionargentinadeajedrez.org\/wp-content\/uploads\/2025\/09\/ASAMBLEAFADA7-768x1024.jpg 768w, https:\/\/federacionargentinadeajedrez.org\/wp-content\/uploads\/2025\/09\/ASAMBLEAFADA7-225x300.jpg 225w, https:\/\/federacionargentinadeajedrez.org\/wp-content\/uploads\/2025\/09\/ASAMBLEAFADA7-1152x1536.jpg 1152w, https:\/\/federacionargentinadeajedrez.org\/wp-content\/uploads\/2025\/09\/ASAMBLEAFADA7-1024x1365.jpg 1024w, https:\/\/federacionargentinadeajedrez.org\/wp-content\/uploads\/2025\/09\/ASAMBLEAFADA7.jpg 1200w\" sizes=\"auto, (max-width: 768px) 100vw, 768px\" \/><\/figure>\n\n\n\n<figure class=\"wp-block-image size-large\"><img loading=\"lazy\" decoding=\"async\" width=\"1024\" height=\"768\" data-id=\"8644\" src=\"https:\/\/federacionargentinadeajedrez.org\/wp-content\/uploads\/2025\/09\/asambleafada9-1024x768.jpg\" alt=\"\" class=\"wp-image-8644\" srcset=\"https:\/\/federacionargentinadeajedrez.org\/wp-content\/uploads\/2025\/09\/asambleafada9-1024x768.jpg 1024w, https:\/\/federacionargentinadeajedrez.org\/wp-content\/uploads\/2025\/09\/asambleafada9-300x225.jpg 300w, https:\/\/federacionargentinadeajedrez.org\/wp-content\/uploads\/2025\/09\/asambleafada9-768x576.jpg 768w, https:\/\/federacionargentinadeajedrez.org\/wp-content\/uploads\/2025\/09\/asambleafada9-1536x1152.jpg 1536w, https:\/\/federacionargentinadeajedrez.org\/wp-content\/uploads\/2025\/09\/asambleafada9.jpg 1600w\" sizes=\"auto, (max-width: 1024px) 100vw, 1024px\" \/><\/figure>\n<\/figure>\n","protected":false},"excerpt":{"rendered":"<p>La Federaci\u00f3n Argentina de Ajedrez celebr\u00f3 el pasado s\u00e1bado 30 de agosto su Asamblea Anual Ordinaria en el hist\u00f3rico Palacio de las Aguas,&hellip;<\/p>\n","protected":false},"author":1,"featured_media":8650,"comment_status":"closed","ping_status":"closed","sticky":false,"template":"","format":"standard","meta":{"footnotes":""},"categories":[45,13,11],"tags":[],"class_list":["post-8642","post","type-post","status-publish","format-standard","has-post-thumbnail","hentry","category-noticias-2025","category-noticias-destacadas","category-presencia-institucional"],"_links":{"self":[{"href":"https:\/\/federacionargentinadeajedrez.org\/index.php?rest_route=\/wp\/v2\/posts\/8642","targetHints":{"allow":["GET"]}}],"collection":[{"href":"https:\/\/federacionargentinadeajedrez.org\/index.php?rest_route=\/wp\/v2\/posts"}],"about":[{"href":"https:\/\/federacionargentinadeajedrez.org\/index.php?rest_route=\/wp\/v2\/types\/post"}],"author":[{"embeddable":true,"href":"https:\/\/federacionargentinadeajedrez.org\/index.php?rest_route=\/wp\/v2\/users\/1"}],"replies":[{"embeddable":true,"href":"https:\/\/federacionargentinadeajedrez.org\/index.php?rest_route=%2Fwp%2Fv2%2Fcomments&post=8642"}],"version-history":[{"count":2,"href":"https:\/\/federacionargentinadeajedrez.org\/index.php?rest_route=\/wp\/v2\/posts\/8642\/revisions"}],"predecessor-version":[{"id":8654,"href":"https:\/\/federacionargentinadeajedrez.org\/index.php?rest_route=\/wp\/v2\/posts\/8642\/revisions\/8654"}],"wp:featuredmedia":[{"embeddable":true,"href":"https:\/\/federacionargentinadeajedrez.org\/index.php?rest_route=\/wp\/v2\/media\/8650"}],"wp:attachment":[{"href":"https:\/\/federacionargentinadeajedrez.org\/index.php?rest_route=%2Fwp%2Fv2%2Fmedia&parent=8642"}],"wp:term":[{"taxonomy":"category","embeddable":true,"href":"https:\/\/federacionargentinadeajedrez.org\/index.php?rest_route=%2Fwp%2Fv2%2Fcategories&post=8642"},{"taxonomy":"post_tag","embeddable":true,"href":"https:\/\/federacionargentinadeajedrez.org\/index.php?rest_route=%2Fwp%2Fv2%2Ftags&post=8642"}],"curies":[{"name":"wp","href":"https:\/\/api.w.org\/{rel}","templated":true}]}}