{"id":8706,"date":"2025-09-18T15:47:08","date_gmt":"2025-09-18T15:47:08","guid":{"rendered":"https:\/\/federacionargentinadeajedrez.org\/?p=8706"},"modified":"2025-09-18T16:57:43","modified_gmt":"2025-09-18T16:57:43","slug":"el-ajedrez-entra-en-la-agenda-educativa-nacional","status":"publish","type":"post","link":"https:\/\/federacionargentinadeajedrez.org\/?p=8706","title":{"rendered":"FADA INFORMA"},"content":{"rendered":"\n<p>El Ministerio de Capital Humano, presidido por Sandra Petrovello, del cual depende la Secretar\u00eda de Educaci\u00f3n de la Naci\u00f3n, a cargo de Carlos Horacio Torrendell, ha dado un paso trascendente en el fortalecimiento del ajedrez escolar en nuestro pa\u00eds.<br>Nos complace anunciar una valiosa iniciativa surgida en el marco del Congreso de Ajedrez Escolar de Am\u00e9rica, gracias a las gestiones realizadas durante la visita a nuestro pa\u00eds de Dana Reizniece-Ozola (Deputy Chair de la Junta Directiva de FIDE), Jerry Nash (Presidente de la Comisi\u00f3n de Ajedrez en la Educaci\u00f3n de FIDE) y Willy Iclicki (Presidente de la Comisi\u00f3n de Historia de FIDE).<\/p>\n\n\n\n<p>Durante su estad\u00eda, se llev\u00f3 a cabo una reuni\u00f3n en el Palacio Pizzurno (Sede de la Secretar\u00eda de Educaci\u00f3n de la Naci\u00f3n), en la que se present\u00f3 un proyecto para la creaci\u00f3n de un \u00e1rea espec\u00edficamente destinada al desarrollo del ajedrez escolar. En este proceso tambi\u00e9n participaron Ludovico Grillo, Mario Petrucci y Alejandro Sass, quienes sumaron su experiencia y compromiso con la difusi\u00f3n del ajedrez educativo en la regi\u00f3n.<\/p>\n\n\n\n<p>Este nuevo espacio estar\u00e1 a cargo del Docente Juan Dur\u00e1n, quien lo asumir\u00e1 como Coordinador de Ajedrez Nacional en el \u00c1rea de Fortalecimiento de la Educaci\u00f3n Integral y el Desarrollo Socioemocional. Desde all\u00ed se impulsar\u00e1n acciones estrat\u00e9gicas orientadas a potenciar el ajedrez en las instituciones educativas, abarcando la formaci\u00f3n docente, la organizaci\u00f3n de competencias escolares y la definici\u00f3n de pol\u00edticas educativas vinculadas al deporte ciencia.<\/p>\n\n\n\n<p>En esta l\u00ednea, resulta tambi\u00e9n significativa la reciente creaci\u00f3n de la Asociaci\u00f3n de Profesores y Educadores de Ajedrez (APEA), presidida por Ricardo Luna, referente de amplia trayectoria en el \u00e1mbito del ajedrez escolar. APEA, en articulaci\u00f3n con la Federaci\u00f3n Argentina de Ajedrez, profundizar\u00e1 el trabajo en la formaci\u00f3n de nuevos docentes y en la consolidaci\u00f3n de programas escolares de alcance nacional.<\/p>\n\n\n\n<p>Estas acciones conjuntas constituyen un paso decisivo hacia la consolidaci\u00f3n del ajedrez como herramienta pedag\u00f3gica, cultural y social, fortaleciendo su presencia en las instituciones educativas y contribuyendo al desarrollo integral de ni\u00f1os, ni\u00f1as y j\u00f3venes en toda la Argentina.<\/p>\n","protected":false},"excerpt":{"rendered":"<p>El Ministerio de Capital Humano, presidido por Sandra Petrovello, del cual depende la Secretar\u00eda de Educaci\u00f3n de la Naci\u00f3n, a cargo de Carlos&hellip;<\/p>\n","protected":false},"author":1,"featured_media":8707,"comment_status":"closed","ping_status":"closed","sticky":false,"template":"","format":"standard","meta":{"footnotes":""},"categories":[45,13,11],"tags":[],"class_list":["post-8706","post","type-post","status-publish","format-standard","has-post-thumbnail","hentry","category-noticias-2025","category-noticias-destacadas","category-presencia-institucional"],"_links":{"self":[{"href":"https:\/\/federacionargentinadeajedrez.org\/index.php?rest_route=\/wp\/v2\/posts\/8706","targetHints":{"allow":["GET"]}}],"collection":[{"href":"https:\/\/federacionargentinadeajedrez.org\/index.php?rest_route=\/wp\/v2\/posts"}],"about":[{"href":"https:\/\/federacionargentinadeajedrez.org\/index.php?rest_route=\/wp\/v2\/types\/post"}],"author":[{"embeddable":true,"href":"https:\/\/federacionargentinadeajedrez.org\/index.php?rest_route=\/wp\/v2\/users\/1"}],"replies":[{"embeddable":true,"href":"https:\/\/federacionargentinadeajedrez.org\/index.php?rest_route=%2Fwp%2Fv2%2Fcomments&post=8706"}],"version-history":[{"count":2,"href":"https:\/\/federacionargentinadeajedrez.org\/index.php?rest_route=\/wp\/v2\/posts\/8706\/revisions"}],"predecessor-version":[{"id":8709,"href":"https:\/\/federacionargentinadeajedrez.org\/index.php?rest_route=\/wp\/v2\/posts\/8706\/revisions\/8709"}],"wp:featuredmedia":[{"embeddable":true,"href":"https:\/\/federacionargentinadeajedrez.org\/index.php?rest_route=\/wp\/v2\/media\/8707"}],"wp:attachment":[{"href":"https:\/\/federacionargentinadeajedrez.org\/index.php?rest_route=%2Fwp%2Fv2%2Fmedia&parent=8706"}],"wp:term":[{"taxonomy":"category","embeddable":true,"href":"https:\/\/federacionargentinadeajedrez.org\/index.php?rest_route=%2Fwp%2Fv2%2Fcategories&post=8706"},{"taxonomy":"post_tag","embeddable":true,"href":"https:\/\/federacionargentinadeajedrez.org\/index.php?rest_route=%2Fwp%2Fv2%2Ftags&post=8706"}],"curies":[{"name":"wp","href":"https:\/\/api.w.org\/{rel}","templated":true}]}}