{"id":8734,"date":"2025-09-29T12:33:35","date_gmt":"2025-09-29T12:33:35","guid":{"rendered":"https:\/\/federacionargentinadeajedrez.org\/?p=8734"},"modified":"2025-09-30T12:34:47","modified_gmt":"2025-09-30T12:34:47","slug":"el-ajedrez-crece-en-la-patagonia-nace-el-club-los-caballos-del-valle","status":"publish","type":"post","link":"https:\/\/federacionargentinadeajedrez.org\/?p=8734","title":{"rendered":"El ajedrez crece en la Patagonia: nace el Club Los Caballos del Valle"},"content":{"rendered":"\n<p>La Federaci\u00f3n Argentina de Ajedrez da la bienvenida a un nuevo afiliado del sur del pa\u00eds: el Club Los Caballos del Valle, con sede en General Roca, R\u00edo Negro.<\/p>\n\n\n\n<p>El club nace por la iniciativa de un grupo de ajedrecistas y aficionados que buscan fomentar el ajedrez y ofrecer un espacio de encuentro y aprendizaje para chicos, j\u00f3venes y adultos.<\/p>\n\n\n\n<p>Sus actividades comenzar\u00e1n en el local de CTA\/ATE (R\u00edo Negro y Viedma), bajo la coordinaci\u00f3n de Ramiro Herrera.<\/p>\n\n\n\n<p>Con esta incorporaci\u00f3n, FADA suma una nueva instituci\u00f3n a la familia federada, fortaleciendo el crecimiento del ajedrez en la regi\u00f3n patag\u00f3nica y en todo el pa\u00eds.<\/p>\n\n\n\n<p><\/p>\n","protected":false},"excerpt":{"rendered":"<p>La Federaci\u00f3n Argentina de Ajedrez da la bienvenida a un nuevo afiliado del sur del pa\u00eds: el Club Los Caballos del Valle, con&hellip;<\/p>\n","protected":false},"author":1,"featured_media":8735,"comment_status":"closed","ping_status":"closed","sticky":false,"template":"","format":"standard","meta":{"footnotes":""},"categories":[27,45,13],"tags":[],"class_list":["post-8734","post","type-post","status-publish","format-standard","has-post-thumbnail","hentry","category-entidades-afiliadas","category-noticias-2025","category-noticias-destacadas"],"_links":{"self":[{"href":"https:\/\/federacionargentinadeajedrez.org\/index.php?rest_route=\/wp\/v2\/posts\/8734","targetHints":{"allow":["GET"]}}],"collection":[{"href":"https:\/\/federacionargentinadeajedrez.org\/index.php?rest_route=\/wp\/v2\/posts"}],"about":[{"href":"https:\/\/federacionargentinadeajedrez.org\/index.php?rest_route=\/wp\/v2\/types\/post"}],"author":[{"embeddable":true,"href":"https:\/\/federacionargentinadeajedrez.org\/index.php?rest_route=\/wp\/v2\/users\/1"}],"replies":[{"embeddable":true,"href":"https:\/\/federacionargentinadeajedrez.org\/index.php?rest_route=%2Fwp%2Fv2%2Fcomments&post=8734"}],"version-history":[{"count":1,"href":"https:\/\/federacionargentinadeajedrez.org\/index.php?rest_route=\/wp\/v2\/posts\/8734\/revisions"}],"predecessor-version":[{"id":8736,"href":"https:\/\/federacionargentinadeajedrez.org\/index.php?rest_route=\/wp\/v2\/posts\/8734\/revisions\/8736"}],"wp:featuredmedia":[{"embeddable":true,"href":"https:\/\/federacionargentinadeajedrez.org\/index.php?rest_route=\/wp\/v2\/media\/8735"}],"wp:attachment":[{"href":"https:\/\/federacionargentinadeajedrez.org\/index.php?rest_route=%2Fwp%2Fv2%2Fmedia&parent=8734"}],"wp:term":[{"taxonomy":"category","embeddable":true,"href":"https:\/\/federacionargentinadeajedrez.org\/index.php?rest_route=%2Fwp%2Fv2%2Fcategories&post=8734"},{"taxonomy":"post_tag","embeddable":true,"href":"https:\/\/federacionargentinadeajedrez.org\/index.php?rest_route=%2Fwp%2Fv2%2Ftags&post=8734"}],"curies":[{"name":"wp","href":"https:\/\/api.w.org\/{rel}","templated":true}]}}