{"id":8908,"date":"2025-10-24T22:39:32","date_gmt":"2025-10-24T22:39:32","guid":{"rendered":"https:\/\/federacionargentinadeajedrez.org\/?p=8908"},"modified":"2025-10-24T22:41:32","modified_gmt":"2025-10-24T22:41:32","slug":"en-diciembre-se-juegan-las-finales-argentinas-amateurs","status":"publish","type":"post","link":"https:\/\/federacionargentinadeajedrez.org\/?p=8908","title":{"rendered":"En diciembre se juegan las finales argentinas amateurs"},"content":{"rendered":"\n<p><img loading=\"lazy\" decoding=\"async\" height=\"16\" width=\"16\" alt=\"\ud83d\udccd\" src=\"https:\/\/static.xx.fbcdn.net\/images\/emoji.php\/v9\/t2d\/1\/16\/1f4cd.png\"> Villa Carlos Paz \u2013 C\u00f3rdoba<\/p>\n\n\n\n<p><img loading=\"lazy\" decoding=\"async\" height=\"16\" width=\"16\" alt=\"\ud83c\udfc6\" src=\"https:\/\/static.xx.fbcdn.net\/images\/emoji.php\/v9\/tbe\/1\/16\/1f3c6.png\"> Capital Nacional del Ajedrez Social y Amateur<\/p>\n\n\n\n<p><img loading=\"lazy\" decoding=\"async\" height=\"16\" width=\"16\" alt=\"\ud83d\udd39\" src=\"https:\/\/static.xx.fbcdn.net\/images\/emoji.php\/v9\/tf3\/1\/16\/1f539.png\"> Categor\u00edas: Sub 2300 \/ Sub 2000 \/ Sub 1700<\/p>\n\n\n\n<p><img loading=\"lazy\" decoding=\"async\" height=\"16\" width=\"16\" alt=\"\ud83d\udd39\" src=\"https:\/\/static.xx.fbcdn.net\/images\/emoji.php\/v9\/tf3\/1\/16\/1f539.png\"> Fechas: del jueves 11 al domingo 14 de diciembre<\/p>\n\n\n\n<p><img loading=\"lazy\" decoding=\"async\" height=\"16\" width=\"16\" alt=\"\ud83d\udd39\" src=\"https:\/\/static.xx.fbcdn.net\/images\/emoji.php\/v9\/tf3\/1\/16\/1f539.png\"> Lugar: Estadio Arena Carlos Paz \u2013 Gdor. Roca 600<\/p>\n\n\n\n<p><img loading=\"lazy\" decoding=\"async\" height=\"16\" width=\"16\" alt=\"\ud83d\udc65\" src=\"https:\/\/static.xx.fbcdn.net\/images\/emoji.php\/v9\/t8b\/1\/16\/1f465.png\"> Qui\u00e9nes pueden participar:<\/p>\n\n\n\n<p>Jugadores con rating menor al de la categor\u00eda elegida y pertenecientes a una entidad afiliada a FADA.<\/p>\n\n\n\n<p><img loading=\"lazy\" decoding=\"async\" height=\"16\" width=\"16\" alt=\"\ud83c\udfaf\" src=\"https:\/\/static.xx.fbcdn.net\/images\/emoji.php\/v9\/tb0\/1\/16\/1f3af.png\"> Sistema de juego:<\/p>\n\n\n\n<p>7 rondas \u2013 Sistema Suizo<\/p>\n\n\n\n<p>Ritmo: 60\u2019 + 30\u2019\u2019 por jugada<\/p>\n\n\n\n<p>V\u00e1lido para ELO Internacional<\/p>\n\n\n\n<p><img loading=\"lazy\" decoding=\"async\" height=\"16\" width=\"16\" alt=\"\ud83d\udcc5\" src=\"https:\/\/static.xx.fbcdn.net\/images\/emoji.php\/v9\/t7e\/1\/16\/1f4c5.png\"> Cronograma destacado:<\/p>\n\n\n\n<p>Jue. 11: Cierre de inscripciones 12:30 \/ Acto Inaugural 13:45 \/ R1 14:00 \/ R2 18:00<\/p>\n\n\n\n<p>Vie. 12: R3 15:00 \/ R4 19:00<\/p>\n\n\n\n<p>S\u00e1b. 13: Blitz Amateur 16:00 \/ R5 19:30<\/p>\n\n\n\n<p>Dom. 14: R6 10:00 \/ R7 14:00 \/ Clausura 17:30<\/p>\n\n\n\n<p><img loading=\"lazy\" decoding=\"async\" height=\"16\" width=\"16\" alt=\"\ud83d\udcb0\" src=\"https:\/\/static.xx.fbcdn.net\/images\/emoji.php\/v9\/t5a\/1\/16\/1f4b0.png\"> Inscripci\u00f3n:<\/p>\n\n\n\n<figure class=\"wp-block-embed\"><div class=\"wp-block-embed__wrapper\">\nhttps:\/\/forms.gle\/vyi6yEkoURdHvJ7MA\n<\/div><\/figure>\n\n\n\n<p>Cuenta: Alias juan.ajedrez \/ CVU 0000003100069015840692<\/p>\n\n\n\n<p>Nombre: Juan de Dios Dur\u00e1n Castel\u00fa<\/p>\n\n\n\n<p><img loading=\"lazy\" decoding=\"async\" height=\"16\" width=\"16\" alt=\"\ud83c\udf9f\ufe0f\" src=\"https:\/\/static.xx.fbcdn.net\/images\/emoji.php\/v9\/td8\/1\/16\/1f39f.png\"> Valores:<\/p>\n\n\n\n<p>Promo (No aplica otros descuentos) hasta 31\/10 \u2192 $50.000<\/p>\n\n\n\n<p>Hasta 30\/11 \u2192 $60.000<\/p>\n\n\n\n<p>Del 1 al 10\/12 \u2192 $65.000<\/p>\n\n\n\n<p>D\u00eda de juego \u2192 $70.000<\/p>\n\n\n\n<p>Extraoficiales \u2192 $90.000<\/p>\n\n\n\n<p><img loading=\"lazy\" decoding=\"async\" height=\"16\" width=\"16\" alt=\"\ud83d\udd38\" src=\"https:\/\/static.xx.fbcdn.net\/images\/emoji.php\/v9\/t72\/1\/16\/1f538.png\"> Descuentos especiales para quienes participaron en semifinales oficiales FADA.<\/p>\n\n\n\n<p><img loading=\"lazy\" decoding=\"async\" height=\"16\" width=\"16\" alt=\"\ud83c\udfc5\" src=\"https:\/\/static.xx.fbcdn.net\/images\/emoji.php\/v9\/t3d\/1\/16\/1f3c5.png\"> Derechos:<\/p>\n\n\n\n<p>Cada campe\u00f3n representar\u00e1 a la Federaci\u00f3n Argentina de Ajedrez (FADA) en los torneos FIDE del ciclo mundial 2026.<\/p>\n\n\n\n<p><img loading=\"lazy\" decoding=\"async\" height=\"16\" width=\"16\" alt=\"\ud83d\udce9\" src=\"https:\/\/static.xx.fbcdn.net\/images\/emoji.php\/v9\/tc0\/1\/16\/1f4e9.png\"> Informes: campeonatosargentinosamateur@gmail.com<\/p>\n\n\n\n<p><img loading=\"lazy\" decoding=\"async\" height=\"16\" width=\"16\" alt=\"\ud83d\udc54\" src=\"https:\/\/static.xx.fbcdn.net\/images\/emoji.php\/v9\/t6b\/1\/16\/1f454.png\"> Autoridades:<\/p>\n\n\n\n<p>Esteban Avil\u00e9s (Intendente de Villa Carlos Paz)<\/p>\n\n\n\n<p>Sebasti\u00e1n Boldrini (Secretario de Turismo e Innovaci\u00f3n, Cultura y Deportes)<\/p>\n\n\n\n<p>Juan Sole (Director de Deportes)<\/p>\n\n\n\n<p>Mario Petrucci (Dir. Ejecutivo FADA)<\/p>\n\n\n\n<p>Pablo Jacobo (Presidente FAPC)<\/p>\n\n\n\n<p>Guillermo Soppe (MI FIDE)<\/p>\n\n\n\n<p>Organizan: Municipalidad de Villa Carlos Paz y Federaci\u00f3n Argentina de Ajedrez<\/p>\n\n\n\n<p>Direcci\u00f3n: AI OI Juan Dur\u00e1n \u2013 AI OI Nahuel Santianes<\/p>\n\n\n\n<p>\u00c1rbitro Principal: AI Igor Dubrovich<\/p>\n\n\n\n<p>Reglamento general:<\/p>\n\n\n\n<figure class=\"wp-block-embed is-type-wp-embed is-provider-incrustado wp-block-embed-incrustado\"><div class=\"wp-block-embed__wrapper\">\n<blockquote class=\"wp-embedded-content\" data-secret=\"6u4nEjW4cv\"><a href=\"https:\/\/federacionargentinadeajedrez.org\/?page_id=8874\">REGLAMENTO FINALES CAMPEONATOS ARGENTINOS AMATEUR<\/a><\/blockquote><iframe loading=\"lazy\" class=\"wp-embedded-content\" sandbox=\"allow-scripts\" security=\"restricted\" style=\"position: absolute; visibility: hidden;\" title=\"\u00abREGLAMENTO FINALES CAMPEONATOS ARGENTINOS AMATEUR\u00bb \u2014 \" src=\"https:\/\/federacionargentinadeajedrez.org\/?page_id=8874&#038;embed=true#?secret=KzmShQZXma#?secret=6u4nEjW4cv\" data-secret=\"6u4nEjW4cv\" width=\"500\" height=\"282\" frameborder=\"0\" marginwidth=\"0\" marginheight=\"0\" scrolling=\"no\"><\/iframe>\n<\/div><\/figure>\n\n\n\n<p><\/p>\n","protected":false},"excerpt":{"rendered":"<p>Villa Carlos Paz \u2013 C\u00f3rdoba Capital Nacional del Ajedrez Social y Amateur Categor\u00edas: Sub 2300 \/ Sub 2000 \/ Sub 1700 Fechas: del&hellip;<\/p>\n","protected":false},"author":1,"featured_media":8909,"comment_status":"closed","ping_status":"closed","sticky":false,"template":"","format":"standard","meta":{"footnotes":""},"categories":[45,6],"tags":[],"class_list":["post-8908","post","type-post","status-publish","format-standard","has-post-thumbnail","hentry","category-noticias-2025","category-torneos-en-argentina"],"_links":{"self":[{"href":"https:\/\/federacionargentinadeajedrez.org\/index.php?rest_route=\/wp\/v2\/posts\/8908","targetHints":{"allow":["GET"]}}],"collection":[{"href":"https:\/\/federacionargentinadeajedrez.org\/index.php?rest_route=\/wp\/v2\/posts"}],"about":[{"href":"https:\/\/federacionargentinadeajedrez.org\/index.php?rest_route=\/wp\/v2\/types\/post"}],"author":[{"embeddable":true,"href":"https:\/\/federacionargentinadeajedrez.org\/index.php?rest_route=\/wp\/v2\/users\/1"}],"replies":[{"embeddable":true,"href":"https:\/\/federacionargentinadeajedrez.org\/index.php?rest_route=%2Fwp%2Fv2%2Fcomments&post=8908"}],"version-history":[{"count":1,"href":"https:\/\/federacionargentinadeajedrez.org\/index.php?rest_route=\/wp\/v2\/posts\/8908\/revisions"}],"predecessor-version":[{"id":8910,"href":"https:\/\/federacionargentinadeajedrez.org\/index.php?rest_route=\/wp\/v2\/posts\/8908\/revisions\/8910"}],"wp:featuredmedia":[{"embeddable":true,"href":"https:\/\/federacionargentinadeajedrez.org\/index.php?rest_route=\/wp\/v2\/media\/8909"}],"wp:attachment":[{"href":"https:\/\/federacionargentinadeajedrez.org\/index.php?rest_route=%2Fwp%2Fv2%2Fmedia&parent=8908"}],"wp:term":[{"taxonomy":"category","embeddable":true,"href":"https:\/\/federacionargentinadeajedrez.org\/index.php?rest_route=%2Fwp%2Fv2%2Fcategories&post=8908"},{"taxonomy":"post_tag","embeddable":true,"href":"https:\/\/federacionargentinadeajedrez.org\/index.php?rest_route=%2Fwp%2Fv2%2Ftags&post=8908"}],"curies":[{"name":"wp","href":"https:\/\/api.w.org\/{rel}","templated":true}]}}