{"id":8950,"date":"2025-11-10T15:22:41","date_gmt":"2025-11-10T15:22:41","guid":{"rendered":"https:\/\/federacionargentinadeajedrez.org\/?p=8950"},"modified":"2025-11-10T15:22:41","modified_gmt":"2025-11-10T15:22:41","slug":"el-subsecretario-de-deportes-de-la-provincia-de-buenos-aires-cristian-cardozo-en-el-proam-2025","status":"publish","type":"post","link":"https:\/\/federacionargentinadeajedrez.org\/?p=8950","title":{"rendered":"El Subsecretario de Deportes de la Provincia de Buenos Aires, Cristian Cardozo en el ProAm 2025"},"content":{"rendered":"\n<p>Este s\u00e1bado en el inicio de la sexta jornada del Abierto Internacional PROAM Ciudad de Vicente L\u00f3pez cont\u00f3 con la presencia del Subsecretario de Deportes de la Provincia de Buenos Aires, Cristian Cardozo. Fue recibido por el presidente de Ajedrez Martelli, Mario Petrucci, anfitri\u00f3n del torneo. Cardozo destac\u00f3 la importancia del certamen, considerado el m\u00e1s fuerte del a\u00f1o en Argentina, y se\u00f1al\u00f3 el crecimiento sostenido del ajedrez en la provincia y en el pa\u00eds.<\/p>\n\n\n\n<p>En ese marco, se reconoci\u00f3 p\u00fablicamente a la WMF Mar\u00eda Jos\u00e9 Campos y al IM Franco Villegas, representantes de la Provincia de Buenos Aires en los Juegos Jadar realizados en Rosario el pasado mes de septiembre. Ambos ajedrecistas integraron la delegaci\u00f3n que obtuvo la mayor cantidad de medallas en dicho evento, lo que reafirma el nivel competitivo que Buenos Aires sostiene actualmente.<\/p>\n\n\n\n<figure class=\"wp-block-image size-large\"><img loading=\"lazy\" decoding=\"async\" width=\"1024\" height=\"768\" src=\"https:\/\/federacionargentinadeajedrez.org\/wp-content\/uploads\/2025\/11\/cardozoproam2-1024x768.jpg\" alt=\"\" class=\"wp-image-8952\" srcset=\"https:\/\/federacionargentinadeajedrez.org\/wp-content\/uploads\/2025\/11\/cardozoproam2-1024x768.jpg 1024w, https:\/\/federacionargentinadeajedrez.org\/wp-content\/uploads\/2025\/11\/cardozoproam2-300x225.jpg 300w, https:\/\/federacionargentinadeajedrez.org\/wp-content\/uploads\/2025\/11\/cardozoproam2-768x576.jpg 768w, https:\/\/federacionargentinadeajedrez.org\/wp-content\/uploads\/2025\/11\/cardozoproam2.jpg 1040w\" sizes=\"auto, (max-width: 1024px) 100vw, 1024px\" \/><\/figure>\n\n\n\n<p>La jornada tambi\u00e9n cont\u00f3 con la presencia de Cristian Spinazzola, miembro de FEDUA y Coordinador de Deportes de la Universidad Nacional de San Mart\u00edn.<\/p>\n\n\n\n<p>Luego de la inauguraci\u00f3n de la ronda Petrucci y Cardozo dialogaron sobre la posibilidad de realizar actividades en conjunto para fortalecer el ajedrez en la provincia. Hablaron de ampliar proyectos, incentivar la participaci\u00f3n de j\u00f3venes y acompa\u00f1ar a los jugadores que ya compiten a nivel nacional e internacional. La Provincia manifest\u00f3 su intenci\u00f3n de apoyar y promover el crecimiento de la disciplina.<\/p>\n\n\n\n<p>El PROAM contin\u00faa su marcha con alta participaci\u00f3n, partidas intensas en las principales mesas y una destacada presencia de p\u00fablico y medios especializados, consolidando a Vicente L\u00f3pez como un polo de referencia para el ajedrez nacional e internacional.<\/p>\n","protected":false},"excerpt":{"rendered":"<p>Este s\u00e1bado en el inicio de la sexta jornada del Abierto Internacional PROAM Ciudad de Vicente L\u00f3pez cont\u00f3 con la presencia del Subsecretario&hellip;<\/p>\n","protected":false},"author":1,"featured_media":8951,"comment_status":"closed","ping_status":"closed","sticky":false,"template":"","format":"standard","meta":{"footnotes":""},"categories":[45,13,11],"tags":[],"class_list":["post-8950","post","type-post","status-publish","format-standard","has-post-thumbnail","hentry","category-noticias-2025","category-noticias-destacadas","category-presencia-institucional"],"_links":{"self":[{"href":"https:\/\/federacionargentinadeajedrez.org\/index.php?rest_route=\/wp\/v2\/posts\/8950","targetHints":{"allow":["GET"]}}],"collection":[{"href":"https:\/\/federacionargentinadeajedrez.org\/index.php?rest_route=\/wp\/v2\/posts"}],"about":[{"href":"https:\/\/federacionargentinadeajedrez.org\/index.php?rest_route=\/wp\/v2\/types\/post"}],"author":[{"embeddable":true,"href":"https:\/\/federacionargentinadeajedrez.org\/index.php?rest_route=\/wp\/v2\/users\/1"}],"replies":[{"embeddable":true,"href":"https:\/\/federacionargentinadeajedrez.org\/index.php?rest_route=%2Fwp%2Fv2%2Fcomments&post=8950"}],"version-history":[{"count":1,"href":"https:\/\/federacionargentinadeajedrez.org\/index.php?rest_route=\/wp\/v2\/posts\/8950\/revisions"}],"predecessor-version":[{"id":8953,"href":"https:\/\/federacionargentinadeajedrez.org\/index.php?rest_route=\/wp\/v2\/posts\/8950\/revisions\/8953"}],"wp:featuredmedia":[{"embeddable":true,"href":"https:\/\/federacionargentinadeajedrez.org\/index.php?rest_route=\/wp\/v2\/media\/8951"}],"wp:attachment":[{"href":"https:\/\/federacionargentinadeajedrez.org\/index.php?rest_route=%2Fwp%2Fv2%2Fmedia&parent=8950"}],"wp:term":[{"taxonomy":"category","embeddable":true,"href":"https:\/\/federacionargentinadeajedrez.org\/index.php?rest_route=%2Fwp%2Fv2%2Fcategories&post=8950"},{"taxonomy":"post_tag","embeddable":true,"href":"https:\/\/federacionargentinadeajedrez.org\/index.php?rest_route=%2Fwp%2Fv2%2Ftags&post=8950"}],"curies":[{"name":"wp","href":"https:\/\/api.w.org\/{rel}","templated":true}]}}