{"id":8959,"date":"2025-11-07T15:51:01","date_gmt":"2025-11-07T15:51:01","guid":{"rendered":"https:\/\/federacionargentinadeajedrez.org\/?p=8959"},"modified":"2025-11-10T15:54:02","modified_gmt":"2025-11-10T15:54:02","slug":"la-directora-ejecutiva-de-fide-y-el-presidente-de-fide-america-dijeron-presente-en-el-proam","status":"publish","type":"post","link":"https:\/\/federacionargentinadeajedrez.org\/?p=8959","title":{"rendered":"La Directora Ejecutiva de FIDE y el presidente de FIDE Am\u00e9rica dijeron presente en el PROAM"},"content":{"rendered":"\n<p>En la previa al inicio de la cuarta ronda del Abierto Internacional PROAM Main Events FIDE, se cont\u00f3 con la presencia de la Directora Ejecutiva de FIDE, Dana Reizniece-Ozola. La dirigente ofreci\u00f3 unas palabras en las que destac\u00f3 la relevancia del torneo dentro del circuito oficial FIDE y subray\u00f3 el nivel de organizaci\u00f3n alcanzado. Adem\u00e1s, expres\u00f3 su satisfacci\u00f3n por las distintas actividades realizadas durante la jornada junto al Director Ejecutivo de FADA, Mario Petrucci.<\/p>\n\n\n\n<p>Tambi\u00e9n estuvo presente el presidente de FIDE Am\u00e9rica CCA, Jos\u00e9 Carrillo Pujol, quien acompa\u00f1\u00f3 y apoy\u00f3 de manera activa la realizaci\u00f3n del torneo. Particip\u00f3 de la ceremonia oficial e hizo entrega de equipamiento tecnol\u00f3gico destinado a optimizar la transmisi\u00f3n y seguimiento de partidas en vivo, un aporte que fortalece el desarrollo competitivo y la difusi\u00f3n del evento. La competencia re\u00fane a 110 jugadores, entre ellos el Gran Maestro Alexei Shirov, ex n\u00famero 3 del mundo.<\/p>\n\n\n\n<figure class=\"wp-block-gallery has-nested-images columns-default is-cropped wp-block-gallery-1 is-layout-flex wp-block-gallery-is-layout-flex\">\n<figure class=\"wp-block-image size-large\"><img loading=\"lazy\" decoding=\"async\" width=\"768\" height=\"1024\" data-id=\"8962\" src=\"https:\/\/federacionargentinadeajedrez.org\/wp-content\/uploads\/2025\/11\/pepeproam-768x1024.jpg\" alt=\"\" class=\"wp-image-8962\" srcset=\"https:\/\/federacionargentinadeajedrez.org\/wp-content\/uploads\/2025\/11\/pepeproam-768x1024.jpg 768w, https:\/\/federacionargentinadeajedrez.org\/wp-content\/uploads\/2025\/11\/pepeproam-225x300.jpg 225w, https:\/\/federacionargentinadeajedrez.org\/wp-content\/uploads\/2025\/11\/pepeproam.jpg 960w\" sizes=\"auto, (max-width: 768px) 100vw, 768px\" \/><\/figure>\n\n\n\n<figure class=\"wp-block-image size-large\"><img loading=\"lazy\" decoding=\"async\" width=\"894\" height=\"1024\" data-id=\"8960\" src=\"https:\/\/federacionargentinadeajedrez.org\/wp-content\/uploads\/2025\/11\/danaproam-894x1024.jpg\" alt=\"\" class=\"wp-image-8960\" srcset=\"https:\/\/federacionargentinadeajedrez.org\/wp-content\/uploads\/2025\/11\/danaproam-894x1024.jpg 894w, https:\/\/federacionargentinadeajedrez.org\/wp-content\/uploads\/2025\/11\/danaproam-262x300.jpg 262w, https:\/\/federacionargentinadeajedrez.org\/wp-content\/uploads\/2025\/11\/danaproam-768x879.jpg 768w, https:\/\/federacionargentinadeajedrez.org\/wp-content\/uploads\/2025\/11\/danaproam-1024x1172.jpg 1024w, https:\/\/federacionargentinadeajedrez.org\/wp-content\/uploads\/2025\/11\/danaproam.jpg 1118w\" sizes=\"auto, (max-width: 894px) 100vw, 894px\" \/><\/figure>\n<\/figure>\n\n\n\n<p>Antes del comienzo de la ronda, se realiz\u00f3 un momento especial para celebrar un doble cumplea\u00f1os: el de Dana Reizniece-Ozola y el de Federico Ledesma, joven jugador que participa del torneo. Jugadores, organizadores y p\u00fablico entonaron el feliz cumplea\u00f1os, generando un ambiente c\u00e1lido y festivo dentro de este gran abierto proam.<\/p>\n","protected":false},"excerpt":{"rendered":"<p>En la previa al inicio de la cuarta ronda del Abierto Internacional PROAM Main Events FIDE, se cont\u00f3 con la presencia de la&hellip;<\/p>\n","protected":false},"author":1,"featured_media":8961,"comment_status":"closed","ping_status":"closed","sticky":false,"template":"","format":"standard","meta":{"footnotes":""},"categories":[45,13,11],"tags":[],"class_list":["post-8959","post","type-post","status-publish","format-standard","has-post-thumbnail","hentry","category-noticias-2025","category-noticias-destacadas","category-presencia-institucional"],"_links":{"self":[{"href":"https:\/\/federacionargentinadeajedrez.org\/index.php?rest_route=\/wp\/v2\/posts\/8959","targetHints":{"allow":["GET"]}}],"collection":[{"href":"https:\/\/federacionargentinadeajedrez.org\/index.php?rest_route=\/wp\/v2\/posts"}],"about":[{"href":"https:\/\/federacionargentinadeajedrez.org\/index.php?rest_route=\/wp\/v2\/types\/post"}],"author":[{"embeddable":true,"href":"https:\/\/federacionargentinadeajedrez.org\/index.php?rest_route=\/wp\/v2\/users\/1"}],"replies":[{"embeddable":true,"href":"https:\/\/federacionargentinadeajedrez.org\/index.php?rest_route=%2Fwp%2Fv2%2Fcomments&post=8959"}],"version-history":[{"count":1,"href":"https:\/\/federacionargentinadeajedrez.org\/index.php?rest_route=\/wp\/v2\/posts\/8959\/revisions"}],"predecessor-version":[{"id":8963,"href":"https:\/\/federacionargentinadeajedrez.org\/index.php?rest_route=\/wp\/v2\/posts\/8959\/revisions\/8963"}],"wp:featuredmedia":[{"embeddable":true,"href":"https:\/\/federacionargentinadeajedrez.org\/index.php?rest_route=\/wp\/v2\/media\/8961"}],"wp:attachment":[{"href":"https:\/\/federacionargentinadeajedrez.org\/index.php?rest_route=%2Fwp%2Fv2%2Fmedia&parent=8959"}],"wp:term":[{"taxonomy":"category","embeddable":true,"href":"https:\/\/federacionargentinadeajedrez.org\/index.php?rest_route=%2Fwp%2Fv2%2Fcategories&post=8959"},{"taxonomy":"post_tag","embeddable":true,"href":"https:\/\/federacionargentinadeajedrez.org\/index.php?rest_route=%2Fwp%2Fv2%2Ftags&post=8959"}],"curies":[{"name":"wp","href":"https:\/\/api.w.org\/{rel}","templated":true}]}}