{"id":9036,"date":"2025-11-25T18:40:00","date_gmt":"2025-11-25T18:40:00","guid":{"rendered":"https:\/\/federacionargentinadeajedrez.org\/?p=9036"},"modified":"2025-12-01T18:45:27","modified_gmt":"2025-12-01T18:45:27","slug":"acto-inaugural-de-la-100-final-del-campeonato-argentino-superior-absoluto","status":"publish","type":"post","link":"https:\/\/federacionargentinadeajedrez.org\/?p=9036","title":{"rendered":"Acto inaugural de la 100\u00b0 Final del Campeonato Argentino Superior Absoluto"},"content":{"rendered":"\n<p>Hoy a las 14hs se llev\u00f3 a cabo el acto inaugural de la 100\u00b0 final del Campeonato Argentino Superior Absoluto en la Casa de Gobierno de la Ciudad de Buenos Aires, un acontecimiento hist\u00f3rico para el deporte y el ajedrez nacional.<\/p>\n\n\n\n<p>El evento cont\u00f3 con la presencia del Jefe de Gobierno de la Ciudad, Jorge Macri que dio la bienvenida a cada uno de los jugadores acompa\u00f1ado de la Vicepresidenta del Comit\u00e9 Ol\u00edmpico Argentino, Alicia Masoni de Morea.<\/p>\n\n\n\n<p>Estuvieron presentes <br><img loading=\"lazy\" decoding=\"async\" height=\"16\" width=\"16\" src=\"https:\/\/static.xx.fbcdn.net\/images\/emoji.php\/v9\/t4c\/1\/16\/25aa.png\" alt=\"\u25aa\ufe0f\"> Gabriel Sanchez Zinny, Jefe de Gabinete del Gobierno de la Ciudad<br><img loading=\"lazy\" decoding=\"async\" height=\"16\" width=\"16\" src=\"https:\/\/static.xx.fbcdn.net\/images\/emoji.php\/v9\/t4c\/1\/16\/25aa.png\" alt=\"\u25aa\ufe0f\"> Fabi\u00e1n Turnes, Secretario de Deportes de CABA<\/p>\n\n\n\n<p>En representaci\u00f3n de la Federaci\u00f3n Argentina de Ajedrez (FADA) estuvieron presentes:<br><img loading=\"lazy\" decoding=\"async\" height=\"16\" width=\"16\" src=\"https:\/\/static.xx.fbcdn.net\/images\/emoji.php\/v9\/t4c\/1\/16\/25aa.png\" alt=\"\u25aa\ufe0f\"> Mario Petrucci, Director Ejecutivo<br><img loading=\"lazy\" decoding=\"async\" height=\"16\" width=\"16\" src=\"https:\/\/static.xx.fbcdn.net\/images\/emoji.php\/v9\/t4c\/1\/16\/25aa.png\" alt=\"\u25aa\ufe0f\"> Alejandro Sass, Presidente<br><img loading=\"lazy\" decoding=\"async\" height=\"16\" width=\"16\" src=\"https:\/\/static.xx.fbcdn.net\/images\/emoji.php\/v9\/t4c\/1\/16\/25aa.png\" alt=\"\u25aa\ufe0f\">Hector Fiori Coordinador General del Torneo<br>Y varios dirigentes en representaci\u00f3n de clubes afiliados a Fada.<\/p>\n\n\n\n<p><img loading=\"lazy\" decoding=\"async\" height=\"16\" width=\"16\" alt=\"\u265f\ufe0f\" src=\"https:\/\/static.xx.fbcdn.net\/images\/emoji.php\/v9\/tbe\/1\/16\/265f.png\"> Con este acto damos inicio a una edici\u00f3n especial, que celebra un siglo de historia del m\u00e1ximo certamen del ajedrez argentino.<\/p>\n\n\n\n<p>Recordamos el inicio de la Ronda 1 del d\u00eda de hoy a las 15hs: Oro vs Villanueva, Trist\u00e1n vs P\u00e9rez Ponsa, G\u00f3mez vs Francisco Guecamburu, Villca vs Valerga, Dolezal vs Barrionuevo y Flores vs Acosta.<\/p>\n\n\n\n<figure class=\"wp-block-gallery has-nested-images columns-1 is-cropped wp-block-gallery-1 is-layout-flex wp-block-gallery-is-layout-flex\">\n<figure class=\"wp-block-image size-large\"><img loading=\"lazy\" decoding=\"async\" width=\"908\" height=\"1024\" data-id=\"9037\" src=\"https:\/\/federacionargentinadeajedrez.org\/wp-content\/uploads\/2025\/12\/inaug1-908x1024.jpg\" alt=\"\" class=\"wp-image-9037\" srcset=\"https:\/\/federacionargentinadeajedrez.org\/wp-content\/uploads\/2025\/12\/inaug1-908x1024.jpg 908w, https:\/\/federacionargentinadeajedrez.org\/wp-content\/uploads\/2025\/12\/inaug1-266x300.jpg 266w, https:\/\/federacionargentinadeajedrez.org\/wp-content\/uploads\/2025\/12\/inaug1-768x866.jpg 768w, https:\/\/federacionargentinadeajedrez.org\/wp-content\/uploads\/2025\/12\/inaug1-1362x1536.jpg 1362w, https:\/\/federacionargentinadeajedrez.org\/wp-content\/uploads\/2025\/12\/inaug1-1024x1155.jpg 1024w, https:\/\/federacionargentinadeajedrez.org\/wp-content\/uploads\/2025\/12\/inaug1.jpg 1816w\" sizes=\"auto, (max-width: 908px) 100vw, 908px\" \/><\/figure>\n\n\n\n<figure class=\"wp-block-image size-large\"><img loading=\"lazy\" decoding=\"async\" width=\"951\" height=\"1024\" data-id=\"9039\" src=\"https:\/\/federacionargentinadeajedrez.org\/wp-content\/uploads\/2025\/12\/inaug2-951x1024.jpg\" alt=\"\" class=\"wp-image-9039\" srcset=\"https:\/\/federacionargentinadeajedrez.org\/wp-content\/uploads\/2025\/12\/inaug2-951x1024.jpg 951w, https:\/\/federacionargentinadeajedrez.org\/wp-content\/uploads\/2025\/12\/inaug2-278x300.jpg 278w, https:\/\/federacionargentinadeajedrez.org\/wp-content\/uploads\/2025\/12\/inaug2-768x827.jpg 768w, https:\/\/federacionargentinadeajedrez.org\/wp-content\/uploads\/2025\/12\/inaug2-1426x1536.jpg 1426w, https:\/\/federacionargentinadeajedrez.org\/wp-content\/uploads\/2025\/12\/inaug2-1024x1103.jpg 1024w, https:\/\/federacionargentinadeajedrez.org\/wp-content\/uploads\/2025\/12\/inaug2.jpg 1901w\" sizes=\"auto, (max-width: 951px) 100vw, 951px\" \/><\/figure>\n\n\n\n<figure class=\"wp-block-image size-large\"><img loading=\"lazy\" decoding=\"async\" width=\"802\" height=\"1024\" data-id=\"9038\" src=\"https:\/\/federacionargentinadeajedrez.org\/wp-content\/uploads\/2025\/12\/Inaug3-802x1024.jpg\" alt=\"\" class=\"wp-image-9038\" srcset=\"https:\/\/federacionargentinadeajedrez.org\/wp-content\/uploads\/2025\/12\/Inaug3-802x1024.jpg 802w, https:\/\/federacionargentinadeajedrez.org\/wp-content\/uploads\/2025\/12\/Inaug3-235x300.jpg 235w, https:\/\/federacionargentinadeajedrez.org\/wp-content\/uploads\/2025\/12\/Inaug3-768x981.jpg 768w, https:\/\/federacionargentinadeajedrez.org\/wp-content\/uploads\/2025\/12\/Inaug3-1203x1536.jpg 1203w, https:\/\/federacionargentinadeajedrez.org\/wp-content\/uploads\/2025\/12\/Inaug3-1024x1307.jpg 1024w, https:\/\/federacionargentinadeajedrez.org\/wp-content\/uploads\/2025\/12\/Inaug3.jpg 1604w\" sizes=\"auto, (max-width: 802px) 100vw, 802px\" \/><\/figure>\n<\/figure>\n\n\n\n<p><\/p>\n","protected":false},"excerpt":{"rendered":"<p>Hoy a las 14hs se llev\u00f3 a cabo el acto inaugural de la 100\u00b0 final del Campeonato Argentino Superior Absoluto en la Casa&hellip;<\/p>\n","protected":false},"author":1,"featured_media":9037,"comment_status":"closed","ping_status":"closed","sticky":false,"template":"","format":"standard","meta":{"footnotes":""},"categories":[53,45,13],"tags":[],"class_list":["post-9036","post","type-post","status-publish","format-standard","has-post-thumbnail","hentry","category-100-campeonato-argentino-superior-absoluto","category-noticias-2025","category-noticias-destacadas"],"_links":{"self":[{"href":"https:\/\/federacionargentinadeajedrez.org\/index.php?rest_route=\/wp\/v2\/posts\/9036","targetHints":{"allow":["GET"]}}],"collection":[{"href":"https:\/\/federacionargentinadeajedrez.org\/index.php?rest_route=\/wp\/v2\/posts"}],"about":[{"href":"https:\/\/federacionargentinadeajedrez.org\/index.php?rest_route=\/wp\/v2\/types\/post"}],"author":[{"embeddable":true,"href":"https:\/\/federacionargentinadeajedrez.org\/index.php?rest_route=\/wp\/v2\/users\/1"}],"replies":[{"embeddable":true,"href":"https:\/\/federacionargentinadeajedrez.org\/index.php?rest_route=%2Fwp%2Fv2%2Fcomments&post=9036"}],"version-history":[{"count":1,"href":"https:\/\/federacionargentinadeajedrez.org\/index.php?rest_route=\/wp\/v2\/posts\/9036\/revisions"}],"predecessor-version":[{"id":9040,"href":"https:\/\/federacionargentinadeajedrez.org\/index.php?rest_route=\/wp\/v2\/posts\/9036\/revisions\/9040"}],"wp:featuredmedia":[{"embeddable":true,"href":"https:\/\/federacionargentinadeajedrez.org\/index.php?rest_route=\/wp\/v2\/media\/9037"}],"wp:attachment":[{"href":"https:\/\/federacionargentinadeajedrez.org\/index.php?rest_route=%2Fwp%2Fv2%2Fmedia&parent=9036"}],"wp:term":[{"taxonomy":"category","embeddable":true,"href":"https:\/\/federacionargentinadeajedrez.org\/index.php?rest_route=%2Fwp%2Fv2%2Fcategories&post=9036"},{"taxonomy":"post_tag","embeddable":true,"href":"https:\/\/federacionargentinadeajedrez.org\/index.php?rest_route=%2Fwp%2Fv2%2Ftags&post=9036"}],"curies":[{"name":"wp","href":"https:\/\/api.w.org\/{rel}","templated":true}]}}