{"id":9072,"date":"2025-12-01T22:13:13","date_gmt":"2025-12-01T22:13:13","guid":{"rendered":"https:\/\/federacionargentinadeajedrez.org\/?p=9072"},"modified":"2025-12-11T22:21:31","modified_gmt":"2025-12-11T22:21:31","slug":"%f0%9d%90%92%f0%9d%90%9a%f0%9d%90%a7%f0%9d%90%9d%f0%9d%90%ab%f0%9d%90%a8-%f0%9d%90%8c%f0%9d%90%9a%f0%9d%90%ab%f0%9d%90%9e%f0%9d%90%9c%f0%9d%90%a8-%f0%9d%90%9e%f0%9d%90%a7-%f0%9d%90%91%f0%9d%90%9a","status":"publish","type":"post","link":"https:\/\/federacionargentinadeajedrez.org\/?p=9072","title":{"rendered":"\ud835\udc12\ud835\udc1a\ud835\udc27\ud835\udc1d\ud835\udc2b\ud835\udc28 \ud835\udc0c\ud835\udc1a\ud835\udc2b\ud835\udc1e\ud835\udc1c\ud835\udc28 \ud835\udc1e\ud835\udc27 \ud835\udc11\ud835\udc1a\u0301\ud835\udc29\ud835\udc22\ud835\udc1d\ud835\udc1a\ud835\udc2c \ud835\udc32 \ud835\udc0b\ud835\udc1e\ud835\udc1a\ud835\udc27\ud835\udc1d\ud835\udc2b\ud835\udc28 \ud835\udc0a\ud835\udc2b\ud835\udc22\ud835\udc2c\ud835\udc1a \ud835\udc1e\ud835\udc27 \ud835\udc01\ud835\udc25\ud835\udc22\ud835\udc2d\ud835\udc33: \ud835\udc27\ud835\udc2e\ud835\udc1e\ud835\udc2f\ud835\udc28\ud835\udc2c \ud835\udc1c\ud835\udc1a\ud835\udc26\ud835\udc29\ud835\udc1e\ud835\udc28\ud835\udc27\ud835\udc1e\ud835\udc2c \ud835\udc1a\ud835\udc2b\ud835\udc20\ud835\udc1e\ud835\udc27\ud835\udc2d\ud835\udc22\ud835\udc27\ud835\udc28\ud835\udc2c"},"content":{"rendered":"\n<figure class=\"wp-block-gallery has-nested-images columns-2 is-cropped wp-block-gallery-1 is-layout-flex wp-block-gallery-is-layout-flex\">\n<figure class=\"wp-block-image size-large\"><img loading=\"lazy\" decoding=\"async\" width=\"939\" height=\"1024\" data-id=\"9075\" src=\"https:\/\/federacionargentinadeajedrez.org\/wp-content\/uploads\/2025\/12\/MARECO1-939x1024.jpg\" alt=\"\" class=\"wp-image-9075\" srcset=\"https:\/\/federacionargentinadeajedrez.org\/wp-content\/uploads\/2025\/12\/MARECO1-939x1024.jpg 939w, https:\/\/federacionargentinadeajedrez.org\/wp-content\/uploads\/2025\/12\/MARECO1-275x300.jpg 275w, https:\/\/federacionargentinadeajedrez.org\/wp-content\/uploads\/2025\/12\/MARECO1-768x838.jpg 768w, https:\/\/federacionargentinadeajedrez.org\/wp-content\/uploads\/2025\/12\/MARECO1-1408x1536.jpg 1408w, https:\/\/federacionargentinadeajedrez.org\/wp-content\/uploads\/2025\/12\/MARECO1-1024x1117.jpg 1024w, https:\/\/federacionargentinadeajedrez.org\/wp-content\/uploads\/2025\/12\/MARECO1.jpg 1467w\" sizes=\"auto, (max-width: 939px) 100vw, 939px\" \/><\/figure>\n\n\n\n<figure class=\"wp-block-image size-large\"><img loading=\"lazy\" decoding=\"async\" width=\"517\" height=\"502\" data-id=\"9073\" src=\"https:\/\/federacionargentinadeajedrez.org\/wp-content\/uploads\/2025\/12\/KRYSA1.jpg\" alt=\"\" class=\"wp-image-9073\" srcset=\"https:\/\/federacionargentinadeajedrez.org\/wp-content\/uploads\/2025\/12\/KRYSA1.jpg 517w, https:\/\/federacionargentinadeajedrez.org\/wp-content\/uploads\/2025\/12\/KRYSA1-300x291.jpg 300w\" sizes=\"auto, (max-width: 517px) 100vw, 517px\" \/><\/figure>\n\n\n\n<figure class=\"wp-block-image size-large\"><img loading=\"lazy\" decoding=\"async\" width=\"1024\" height=\"683\" data-id=\"9076\" src=\"https:\/\/federacionargentinadeajedrez.org\/wp-content\/uploads\/2025\/12\/SALA2-1024x683.jpg\" alt=\"\" class=\"wp-image-9076\" srcset=\"https:\/\/federacionargentinadeajedrez.org\/wp-content\/uploads\/2025\/12\/SALA2-1024x683.jpg 1024w, https:\/\/federacionargentinadeajedrez.org\/wp-content\/uploads\/2025\/12\/SALA2-300x200.jpg 300w, https:\/\/federacionargentinadeajedrez.org\/wp-content\/uploads\/2025\/12\/SALA2-768x512.jpg 768w, https:\/\/federacionargentinadeajedrez.org\/wp-content\/uploads\/2025\/12\/SALA2-1536x1024.jpg 1536w, https:\/\/federacionargentinadeajedrez.org\/wp-content\/uploads\/2025\/12\/SALA2.jpg 2048w\" sizes=\"auto, (max-width: 1024px) 100vw, 1024px\" \/><\/figure>\n\n\n\n<figure class=\"wp-block-image size-large\"><img loading=\"lazy\" decoding=\"async\" width=\"1024\" height=\"769\" data-id=\"9074\" src=\"https:\/\/federacionargentinadeajedrez.org\/wp-content\/uploads\/2025\/12\/SALE1-1024x769.jpg\" alt=\"\" class=\"wp-image-9074\" srcset=\"https:\/\/federacionargentinadeajedrez.org\/wp-content\/uploads\/2025\/12\/SALE1-1024x769.jpg 1024w, https:\/\/federacionargentinadeajedrez.org\/wp-content\/uploads\/2025\/12\/SALE1-300x225.jpg 300w, https:\/\/federacionargentinadeajedrez.org\/wp-content\/uploads\/2025\/12\/SALE1-768x576.jpg 768w, https:\/\/federacionargentinadeajedrez.org\/wp-content\/uploads\/2025\/12\/SALE1-1536x1153.jpg 1536w, https:\/\/federacionargentinadeajedrez.org\/wp-content\/uploads\/2025\/12\/SALE1.jpg 1600w\" sizes=\"auto, (max-width: 1024px) 100vw, 1024px\" \/><\/figure>\n<\/figure>\n\n\n\n<p>El 29 y 30 se disputaron las finales de los Campeonatos Argentinos de <a><\/a>Ajedrez de R\u00e1pidas y Blitz en las bell\u00edsimas instalaciones de la Casa de Gobierno de la Ciudad de Buenos Aires. Fue un evento multitudinario, con jugadores provenientes de todo el pa\u00eds y una gran presencia de familias, que generaron un clima competitivo, emocionante y profundamente humano, fue una incre\u00edble final nacional.<\/p>\n\n\n\n<p><img loading=\"lazy\" decoding=\"async\" height=\"16\" width=\"16\" alt=\"\ud83d\udccc\" src=\"https:\/\/static.xx.fbcdn.net\/images\/emoji.php\/v9\/tac\/1\/16\/1f4cc.png\"> En la modalidad \ud835\udc11\ud835\udc1a\u0301\ud835\udc29\ud835\udc22\ud835\udc1d\ud835\udc1a\ud835\udc2c, \ud835\udc29\ud835\udc1a\ud835\udc2b\ud835\udc2d\ud835\udc22\ud835\udc1c\ud835\udc22\ud835\udc29\ud835\udc1a\ud835\udc2b\ud835\udc28\ud835\udc27 \ud835\udfcf\ud835\udfd3\ud835\udfd2 \ud835\udc23\ud835\udc2e\ud835\udc20\ud835\udc1a\ud835\udc1d\ud835\udc28\ud835\udc2b\ud835\udc1e\ud835\udc2c. El torneo fue \ud835\udc20\ud835\udc1a\ud835\udc27\ud835\udc1a\ud835\udc1d\ud835\udc28 \ud835\udc29\ud835\udc28\ud835\udc2b \ud835\udc1e\ud835\udc25 \ud835\udc06\ud835\udc2b\ud835\udc1a\ud835\udc27 \ud835\udc0c\ud835\udc1a\ud835\udc1e\ud835\udc2c\ud835\udc2d\ud835\udc2b\ud835\udc28 \ud835\udc12\ud835\udc1a\ud835\udc27\ud835\udc1d\ud835\udc2b\ud835\udc28 \ud835\udc0c\ud835\udc1a\ud835\udc2b\ud835\udc1e\ud835\udc1c\ud835\udc28, actual campe\u00f3n argentino absoluto, con \ud835\udfd4\u00bd \ud835\udc29\ud835\udc2e\ud835\udc27\ud835\udc2d\ud835\udc28\ud835\udc2c \ud835\udc2c\ud835\udc28\ud835\udc1b\ud835\udc2b\ud835\udc1e \ud835\udfd5 \ud835\udc29\ud835\udc28\ud835\udc2c\ud835\udc22\ud835\udc1b\ud835\udc25\ud835\udc1e\ud835\udc2c. Lo acompa\u00f1aron en el podio Leandro Krisa y Hugo Spangenberg, ambos con 6 puntos. \u00a1El torneo cont\u00f3 con 37 titulados!<\/p>\n\n\n\n<p><a href=\"https:\/\/s2.chess-results.com\/tnr1298143.aspx?lan=2&amp;art=0...\">https:\/\/s2.chess-results.com\/tnr1298143.aspx?lan=2&amp;art=0&#8230;<\/a><\/p>\n\n\n\n<p>Adem\u00e1s, el reconocido actor de los a\u00f1os 2000 \ud835\udc0c\ud835\udc1a\ud835\udc2b\ud835\udc22\ud835\udc1a\ud835\udc27\ud835\udc28 \ud835\udc0c\ud835\udc1a\ud835\udc2b\ud835\udc2d\ud835\udc22\u0301\ud835\udc27\ud835\udc1e\ud835\udc33 se hizo presente y comparti\u00f3 un grato momento con los competidores y asistentes, sac\u00e1ndose fotos y expresando su entusiasmo por ser parte de la final argentina.<\/p>\n\n\n\n<p><img loading=\"lazy\" decoding=\"async\" height=\"16\" width=\"16\" alt=\"\ud83d\udccc\" src=\"https:\/\/static.xx.fbcdn.net\/images\/emoji.php\/v9\/tac\/1\/16\/1f4cc.png\"> El domingo se disput\u00f3 el \ud835\udc2d\ud835\udc28\ud835\udc2b\ud835\udc27\ud835\udc1e\ud835\udc28 \ud835\udc01\ud835\udc25\ud835\udc22\ud835\udc2d\ud835\udc33, que alcanz\u00f3 un \ud835\udc2b\ud835\udc1e\u0301\ud835\udc1c\ud835\udc28\ud835\udc2b\ud835\udc1d \ud835\udc1d\ud835\udc1e \ud835\udfcf\ud835\udfd5\ud835\udfd2 \ud835\udc29\ud835\udc1a\ud835\udc2b\ud835\udc2d\ud835\udc22\ud835\udc1c\ud835\udc22\ud835\udc29\ud835\udc1a\ud835\udc27\ud835\udc2d\ud835\udc1e\ud835\udc2c. \ud835\udc04\ud835\udc25 \ud835\udc1c\ud835\udc1a\ud835\udc26\ud835\udc29\ud835\udc1e\ud835\udc28\u0301\ud835\udc27 \ud835\udc1f\ud835\udc2e\ud835\udc1e \ud835\udc1e\ud835\udc25 \ud835\udc06\ud835\udc2b\ud835\udc1a\ud835\udc27 \ud835\udc0c\ud835\udc1a\ud835\udc1e\ud835\udc2c\ud835\udc2d\ud835\udc2b\ud835\udc28 \ud835\udc0b\ud835\udc1e\ud835\udc1a\ud835\udc27\ud835\udc1d\ud835\udc2b\ud835\udc28 \ud835\udc0a\ud835\udc2b\ud835\udc22\ud835\udc2c\ud835\udc1a, con 9\u00bd sobre 11 puntos, escoltado por Sandro Mareco y Mat\u00edas C\u00e1rcamo, ambos con 8\u00bd. \u00a1El torneo cont\u00f3 con 34 titulados!<\/p>\n\n\n\n<p><a href=\"https:\/\/s2.chess-results.com\/tnr1298147.aspx?lan=2&amp;SNode=S0\">https:\/\/s2.chess-results.com\/tnr1298147.aspx?lan=2&amp;SNode=S0<\/a><\/p>\n\n\n\n<p><img loading=\"lazy\" decoding=\"async\" height=\"16\" width=\"16\" src=\"https:\/\/static.xx.fbcdn.net\/images\/emoji.php\/v9\/tb4\/1\/16\/2b50.png\" alt=\"\u2b50\">\ud835\udde3\ud835\uddff\ud835\uddf2\ud835\ude00\ud835\uddf2\ud835\uddfb\ud835\uddf0\ud835\uddf6\ud835\uddee \ud835\uddf6\ud835\uddfb\ud835\ude00\ud835\ude01\ud835\uddf6\ud835\ude01\ud835\ude02\ud835\uddf0\ud835\uddf6\ud835\uddfc\ud835\uddfb\ud835\uddee\ud835\uddf9: \ud835\udddd\ud835\uddfc\ud835\uddff\ud835\uddf4\ud835\uddf2 \ud835\udde0\ud835\uddee\ud835\uddf0\ud835\uddff\ud835\uddf6<br>Durante el torneo y la ceremonia de premiaci\u00f3n, \ud835\uddf2\ud835\uddf9 \ud835\udddd\ud835\uddf2\ud835\uddf3\ud835\uddf2 \ud835\uddf1\ud835\uddf2 \ud835\uddda\ud835\uddfc\ud835\uddef\ud835\uddf6\ud835\uddf2\ud835\uddff\ud835\uddfb\ud835\uddfc \ud835\uddf1\ud835\uddf2 \ud835\uddf9\ud835\uddee \ud835\uddd6\ud835\uddf6\ud835\ude02\ud835\uddf1\ud835\uddee\ud835\uddf1 \ud835\uddf1\ud835\uddf2 \ud835\uddd5\ud835\ude02\ud835\uddf2\ud835\uddfb\ud835\uddfc\ud835\ude00 \ud835\uddd4\ud835\uddf6\ud835\uddff\ud835\uddf2\ud835\ude00, Jorge Macri, estuvo presente y recorri\u00f3 la sala observando atentamente las partidas, siguiendo muy de cerca el desempe\u00f1o de los participantes \u2014especialmente el de los j\u00f3venes talentos argentinos\u2014. Su presencia fue muy valorada por jugadores, familias y organizadores, destacando el apoyo y la visibilidad que brinda al desarrollo del ajedrez en el pa\u00eds.<\/p>\n\n\n\n<p><img loading=\"lazy\" decoding=\"async\" height=\"16\" width=\"16\" alt=\"\ud83d\udc49\" src=\"https:\/\/static.xx.fbcdn.net\/images\/emoji.php\/v9\/t51\/1\/16\/1f449.png\"> Tambi\u00e9n particip\u00f3 del evento \ud835\udc06\ud835\udc1a\ud835\udc1b\ud835\udc2b\ud835\udc22\ud835\udc1e\ud835\udc25 \ud835\udc12\ud835\udc1a\u0301\ud835\udc27\ud835\udc1c\ud835\udc21\ud835\udc1e\ud835\udc33 \ud835\udc19\ud835\udc22\ud835\udc27\ud835\udc27\ud835\udc32, \ud835\udc09\ud835\udc1e\ud835\udc1f\ud835\udc1e \ud835\udc1d\ud835\udc1e \ud835\udc06\ud835\udc1a\ud835\udc1b\ud835\udc22\ud835\udc27\ud835\udc1e\ud835\udc2d\ud835\udc1e \ud835\udc1d\ud835\udc1e \ud835\udc0c\ud835\udc22\ud835\udc27\ud835\udc22\ud835\udc2c\ud835\udc2d\ud835\udc2b\ud835\udc28\ud835\udc2c \ud835\udc1d\ud835\udc1e \ud835\udc25\ud835\udc1a \ud835\udc02\ud835\udc22\ud835\udc2e\ud835\udc1d\ud835\udc1a\ud835\udc1d \ud835\udc1d\ud835\udc1e \ud835\udc01\ud835\udc2e\ud835\udc1e\ud835\udc27\ud835\udc28\ud835\udc2c \ud835\udc00\ud835\udc22\ud835\udc2b\ud835\udc1e\ud835\udc2c, a quien se agradece especialmente por su acompa\u00f1amiento.<\/p>\n\n\n\n<p>\ud835\udc09\ud835\udc28\ud835\udc2b\ud835\udc20\ud835\udc1e \ud835\udc0c\ud835\udc1a\ud835\udc1c\ud835\udc2b\ud835\udc22 \ud835\udc1e\ud835\udc2c\ud835\udc2d\ud835\udc2e\ud835\udc2f\ud835\udc28 \ud835\udc1a\ud835\udc1c\ud835\udc28\ud835\udc26\ud835\udc29\ud835\udc1a\ud835\udc27\u0303\ud835\udc1a\ud835\udc1d\ud835\udc28 \ud835\udc29\ud835\udc28\ud835\udc2b \ud835\udc07\ud835\udc1e\u0301\ud835\udc1c\ud835\udc2d\ud835\udc28\ud835\udc2b \ud835\udc05\ud835\udc22\ud835\udc28\ud835\udc2b\ud835\udc22, \ud835\udc02\ud835\udc28\ud835\udc28\ud835\udc2b\ud835\udc1d\ud835\udc22\ud835\udc27\ud835\udc1a\ud835\udc1d\ud835\udc28\ud835\udc2b \ud835\udc06\ud835\udc1e\ud835\udc27\ud835\udc1e\ud835\udc2b\ud835\udc1a\ud835\udc25 \ud835\udc1d\ud835\udc1e \ud835\udc25\ud835\udc28\ud835\udc2c \ud835\udc02\ud835\udc1a\ud835\udc26\ud835\udc29\ud835\udc1e\ud835\udc28\ud835\udc27\ud835\udc1a\ud835\udc2d\ud835\udc28\ud835\udc2c \ud835\udc00\ud835\udc2b\ud835\udc20\ud835\udc1e\ud835\udc27\ud835\udc2d\ud835\udc22\ud835\udc27\ud835\udc28\ud835\udc2c, \ud835\udc32 \ud835\udc29\ud835\udc28\ud835\udc2b \ud835\udc1e\ud835\udc25 \ud835\udc08\ud835\udc27\ud835\udc20. \ud835\udc0c\ud835\udc1a\ud835\udc2b\ud835\udc22\ud835\udc28 \ud835\udc0f\ud835\udc1e\ud835\udc2d\ud835\udc2b\ud835\udc2e\ud835\udc1c\ud835\udc1c\ud835\udc22, \ud835\udc03\ud835\udc22\ud835\udc2b\ud835\udc1e\ud835\udc1c\ud835\udc2d\ud835\udc28\ud835\udc2b \ud835\udc1d\ud835\udc1e\ud835\udc25 \ud835\udc13\ud835\udc28\ud835\udc2b\ud835\udc27\ud835\udc1e\ud835\udc28, con quienes comparti\u00f3 impresiones sobre el crecimiento del ajedrez argentino y su impacto educativo en la Ciudad de Buenos Aires. \ud835\udc04\ud835\udc25 \ud835\udc0f\ud835\udc2b\ud835\udc1e\ud835\udc2c\ud835\udc22\ud835\udc1d\ud835\udc1e\ud835\udc27\ud835\udc2d\ud835\udc1e \ud835\udc1d\ud835\udc1e \ud835\udc05\ud835\udc1a\ud835\udc1d\ud835\udc1a \ud835\udc00\ud835\udc25\ud835\udc1e\ud835\udc23\ud835\udc1a\ud835\udc27\ud835\udc1d\ud835\udc2b\ud835\udc28 \ud835\udc12\ud835\udc1a\ud835\udc2c\ud835\udc2c fue el encargado de entregar el Premio al campe\u00f3n del blitz junto al \ud835\udc0f\ud835\udc2b\ud835\udc1e\ud835\udc2c\ud835\udc22\ud835\udc1d\ud835\udc1e\ud835\udc27\ud835\udc2d\ud835\udc1e \ud835\udc1d\ud835\udc1e \ud835\udc05\ud835\udc0c\ud835\udc03\ud835\udc00 \ud835\udc06\ud835\udc0c \ud835\udc00\ud835\udc2b\ud835\udc22\ud835\udc1e\ud835\udc25 \ud835\udc12\ud835\udc28\ud835\udc2b\ud835\udc22\ud835\udc27.<\/p>\n\n\n\n<p><img loading=\"lazy\" decoding=\"async\" height=\"16\" width=\"16\" src=\"https:\/\/static.xx.fbcdn.net\/images\/emoji.php\/v9\/tcc\/1\/16\/1f4dd.png\" alt=\"\ud83d\udcdd\"> Cierre t\u00e9cnico del evento:<br>Ritmo de juego R\u00e1pidas: 8 min + 4 seg<br>Ritmo de juego Blitz: 3 min + 2 seg<br>Director del torneo: Ing. Mario Petrucci<br>\u00c1rbitro principal: Juan Dur\u00e1n<br>\u00c1rbitros adjuntos: Iv\u00e1n Kiwizevich, Santiago Curia, Eugenia Alegre<\/p>\n\n\n\n<p><img loading=\"lazy\" decoding=\"async\" height=\"16\" width=\"16\" alt=\"\ud83d\udcf8\" src=\"https:\/\/static.xx.fbcdn.net\/images\/emoji.php\/v9\/tde\/1\/16\/1f4f8.png\"> En breve compartiremos im\u00e1genes de las premiaciones.<\/p>\n\n\n\n<p><img loading=\"lazy\" decoding=\"async\" height=\"16\" width=\"16\" alt=\"\ud83c\udf89\" src=\"https:\/\/static.xx.fbcdn.net\/images\/emoji.php\/v9\/t8c\/1\/16\/1f389.png\"> Felicitaciones a los campeones y a cada uno de los participantes por hacer de este evento una aut\u00e9ntica fiesta del ajedrez argentino.<\/p>\n","protected":false},"excerpt":{"rendered":"<p>El 29 y 30 se disputaron las finales de los Campeonatos Argentinos de Ajedrez de R\u00e1pidas y Blitz en las bell\u00edsimas instalaciones de&hellip;<\/p>\n","protected":false},"author":1,"featured_media":9076,"comment_status":"closed","ping_status":"closed","sticky":false,"template":"","format":"standard","meta":{"footnotes":""},"categories":[48,45,13],"tags":[],"class_list":["post-9072","post","type-post","status-publish","format-standard","has-post-thumbnail","hentry","category-campeonatos-argentinos-2025","category-noticias-2025","category-noticias-destacadas"],"_links":{"self":[{"href":"https:\/\/federacionargentinadeajedrez.org\/index.php?rest_route=\/wp\/v2\/posts\/9072","targetHints":{"allow":["GET"]}}],"collection":[{"href":"https:\/\/federacionargentinadeajedrez.org\/index.php?rest_route=\/wp\/v2\/posts"}],"about":[{"href":"https:\/\/federacionargentinadeajedrez.org\/index.php?rest_route=\/wp\/v2\/types\/post"}],"author":[{"embeddable":true,"href":"https:\/\/federacionargentinadeajedrez.org\/index.php?rest_route=\/wp\/v2\/users\/1"}],"replies":[{"embeddable":true,"href":"https:\/\/federacionargentinadeajedrez.org\/index.php?rest_route=%2Fwp%2Fv2%2Fcomments&post=9072"}],"version-history":[{"count":1,"href":"https:\/\/federacionargentinadeajedrez.org\/index.php?rest_route=\/wp\/v2\/posts\/9072\/revisions"}],"predecessor-version":[{"id":9077,"href":"https:\/\/federacionargentinadeajedrez.org\/index.php?rest_route=\/wp\/v2\/posts\/9072\/revisions\/9077"}],"wp:featuredmedia":[{"embeddable":true,"href":"https:\/\/federacionargentinadeajedrez.org\/index.php?rest_route=\/wp\/v2\/media\/9076"}],"wp:attachment":[{"href":"https:\/\/federacionargentinadeajedrez.org\/index.php?rest_route=%2Fwp%2Fv2%2Fmedia&parent=9072"}],"wp:term":[{"taxonomy":"category","embeddable":true,"href":"https:\/\/federacionargentinadeajedrez.org\/index.php?rest_route=%2Fwp%2Fv2%2Fcategories&post=9072"},{"taxonomy":"post_tag","embeddable":true,"href":"https:\/\/federacionargentinadeajedrez.org\/index.php?rest_route=%2Fwp%2Fv2%2Ftags&post=9072"}],"curies":[{"name":"wp","href":"https:\/\/api.w.org\/{rel}","templated":true}]}}