{"id":9112,"date":"2025-12-21T13:43:45","date_gmt":"2025-12-21T13:43:45","guid":{"rendered":"https:\/\/federacionargentinadeajedrez.org\/?p=9112"},"modified":"2025-12-21T14:01:17","modified_gmt":"2025-12-21T14:01:17","slug":"ajedrez-presente-en-una-nueva-gala-del-deporte-olimpico","status":"publish","type":"post","link":"https:\/\/federacionargentinadeajedrez.org\/?p=9112","title":{"rendered":"Ajedrez presente en una nueva Gala del Deporte Ol\u00edmpico"},"content":{"rendered":"\n<p>En el marco de la Gala del Deporte Ol\u00edmpico Argentino, el Comit\u00e9 Ol\u00edmpico Argentino (COA) llev\u00f3 adelante la tercera edici\u00f3n de los Premios Centenario, una distinci\u00f3n que reconoce a los deportistas que, a lo largo del a\u00f1o, demostraron excelencia competitiva, compromiso con los valores ol\u00edmpicos y logros relevantes en el \u00e1mbito nacional e internacional. Esta iniciativa, instaurada en 2023, reafirma el reconocimiento al esfuerzo, la dedicaci\u00f3n y el talento del deporte argentino.<\/p>\n\n\n\n<p>La ceremonia tuvo lugar en el Polideportivo Braian Toledo, en la localidad de Los Polvorines, que fue sede de un evento que reuni\u00f3 a representantes de las distintas disciplinas del deporte nacional.<\/p>\n\n\n\n<p>El ajedrez tuvo una destacada presencia en esta edici\u00f3n. Fueron premiados la bicampeona argentina de ajedrez femenino, WFM Ernestina Adam, de tan solo 16 a\u00f1os, y el Maestro Internacional salte\u00f1o Pablo Costa, plusmedallista en los Juegos JADAR disputados en la ciudad de Rosario en el mes de septiembre.<\/p>\n\n\n\n<p>En representaci\u00f3n de la Federaci\u00f3n Argentina de Ajedrez acompa\u00f1aron a los galardonados el director ejecutivo Mario Petrucci, el presidente Alejandro Saas y el prosecretario Luciano Godoy. Para recibir el premio de Acosta que no pudo asistir a la gala estuvo el presidente de la Federaci\u00f3n Salte\u00f1a de Ajedrez Beno Rojas.<\/p>\n\n\n\n<p>De esta manera, el ajedrez volvi\u00f3 a decir presente en el \u00e1mbito ol\u00edmpico, compartiendo espacio con todas las disciplinas del deporte nacional y proyect\u00e1ndose con una agenda activa para los pr\u00f3ximos competencias del calendario ol\u00edmpico.<\/p>\n\n\n\n<figure class=\"wp-block-gallery has-nested-images columns-2 is-cropped wp-block-gallery-1 is-layout-flex wp-block-gallery-is-layout-flex\">\n<figure class=\"wp-block-image size-large\"><img loading=\"lazy\" decoding=\"async\" width=\"768\" height=\"1024\" data-id=\"9115\" src=\"https:\/\/federacionargentinadeajedrez.org\/wp-content\/uploads\/2025\/12\/erne1-768x1024.jpg\" alt=\"\" class=\"wp-image-9115\" srcset=\"https:\/\/federacionargentinadeajedrez.org\/wp-content\/uploads\/2025\/12\/erne1-768x1024.jpg 768w, https:\/\/federacionargentinadeajedrez.org\/wp-content\/uploads\/2025\/12\/erne1-225x300.jpg 225w, https:\/\/federacionargentinadeajedrez.org\/wp-content\/uploads\/2025\/12\/erne1.jpg 960w\" sizes=\"auto, (max-width: 768px) 100vw, 768px\" \/><\/figure>\n\n\n\n<figure class=\"wp-block-image size-large\"><img loading=\"lazy\" decoding=\"async\" width=\"768\" height=\"1024\" data-id=\"9116\" src=\"https:\/\/federacionargentinadeajedrez.org\/wp-content\/uploads\/2025\/12\/ernes2-768x1024.jpg\" alt=\"\" class=\"wp-image-9116\" srcset=\"https:\/\/federacionargentinadeajedrez.org\/wp-content\/uploads\/2025\/12\/ernes2-768x1024.jpg 768w, https:\/\/federacionargentinadeajedrez.org\/wp-content\/uploads\/2025\/12\/ernes2-225x300.jpg 225w, https:\/\/federacionargentinadeajedrez.org\/wp-content\/uploads\/2025\/12\/ernes2.jpg 960w\" sizes=\"auto, (max-width: 768px) 100vw, 768px\" \/><\/figure>\n\n\n\n<figure class=\"wp-block-image size-large\"><img loading=\"lazy\" decoding=\"async\" width=\"1024\" height=\"682\" data-id=\"9118\" src=\"https:\/\/federacionargentinadeajedrez.org\/wp-content\/uploads\/2025\/12\/oficialcoa-1024x682.jpeg\" alt=\"\" class=\"wp-image-9118\" srcset=\"https:\/\/federacionargentinadeajedrez.org\/wp-content\/uploads\/2025\/12\/oficialcoa-1024x682.jpeg 1024w, https:\/\/federacionargentinadeajedrez.org\/wp-content\/uploads\/2025\/12\/oficialcoa-300x200.jpeg 300w, https:\/\/federacionargentinadeajedrez.org\/wp-content\/uploads\/2025\/12\/oficialcoa-768x512.jpeg 768w, https:\/\/federacionargentinadeajedrez.org\/wp-content\/uploads\/2025\/12\/oficialcoa-1536x1023.jpeg 1536w, https:\/\/federacionargentinadeajedrez.org\/wp-content\/uploads\/2025\/12\/oficialcoa.jpeg 1600w\" sizes=\"auto, (max-width: 1024px) 100vw, 1024px\" \/><\/figure>\n\n\n\n<figure class=\"wp-block-image size-large\"><img loading=\"lazy\" decoding=\"async\" width=\"768\" height=\"1024\" data-id=\"9117\" src=\"https:\/\/federacionargentinadeajedrez.org\/wp-content\/uploads\/2025\/12\/premi1-768x1024.jpg\" alt=\"\" class=\"wp-image-9117\" srcset=\"https:\/\/federacionargentinadeajedrez.org\/wp-content\/uploads\/2025\/12\/premi1-768x1024.jpg 768w, https:\/\/federacionargentinadeajedrez.org\/wp-content\/uploads\/2025\/12\/premi1-225x300.jpg 225w, https:\/\/federacionargentinadeajedrez.org\/wp-content\/uploads\/2025\/12\/premi1.jpg 960w\" sizes=\"auto, (max-width: 768px) 100vw, 768px\" \/><\/figure>\n\n\n\n<figure class=\"wp-block-image size-large\"><img loading=\"lazy\" decoding=\"async\" width=\"768\" height=\"1024\" data-id=\"9113\" src=\"https:\/\/federacionargentinadeajedrez.org\/wp-content\/uploads\/2025\/12\/sasspetru-768x1024.jpg\" alt=\"\" class=\"wp-image-9113\" srcset=\"https:\/\/federacionargentinadeajedrez.org\/wp-content\/uploads\/2025\/12\/sasspetru-768x1024.jpg 768w, https:\/\/federacionargentinadeajedrez.org\/wp-content\/uploads\/2025\/12\/sasspetru-225x300.jpg 225w, https:\/\/federacionargentinadeajedrez.org\/wp-content\/uploads\/2025\/12\/sasspetru.jpg 960w\" sizes=\"auto, (max-width: 768px) 100vw, 768px\" \/><\/figure>\n\n\n\n<figure class=\"wp-block-image size-large\"><img loading=\"lazy\" decoding=\"async\" width=\"768\" height=\"1024\" data-id=\"9114\" src=\"https:\/\/federacionargentinadeajedrez.org\/wp-content\/uploads\/2025\/12\/todos3-768x1024.jpg\" alt=\"\" class=\"wp-image-9114\" srcset=\"https:\/\/federacionargentinadeajedrez.org\/wp-content\/uploads\/2025\/12\/todos3-768x1024.jpg 768w, https:\/\/federacionargentinadeajedrez.org\/wp-content\/uploads\/2025\/12\/todos3-225x300.jpg 225w, https:\/\/federacionargentinadeajedrez.org\/wp-content\/uploads\/2025\/12\/todos3.jpg 960w\" sizes=\"auto, (max-width: 768px) 100vw, 768px\" \/><\/figure>\n<\/figure>\n","protected":false},"excerpt":{"rendered":"<p>En el marco de la Gala del Deporte Ol\u00edmpico Argentino, el Comit\u00e9 Ol\u00edmpico Argentino (COA) llev\u00f3 adelante la tercera edici\u00f3n de los Premios&hellip;<\/p>\n","protected":false},"author":1,"featured_media":9115,"comment_status":"closed","ping_status":"closed","sticky":false,"template":"","format":"standard","meta":{"footnotes":""},"categories":[45,13,11],"tags":[],"class_list":["post-9112","post","type-post","status-publish","format-standard","has-post-thumbnail","hentry","category-noticias-2025","category-noticias-destacadas","category-presencia-institucional"],"_links":{"self":[{"href":"https:\/\/federacionargentinadeajedrez.org\/index.php?rest_route=\/wp\/v2\/posts\/9112","targetHints":{"allow":["GET"]}}],"collection":[{"href":"https:\/\/federacionargentinadeajedrez.org\/index.php?rest_route=\/wp\/v2\/posts"}],"about":[{"href":"https:\/\/federacionargentinadeajedrez.org\/index.php?rest_route=\/wp\/v2\/types\/post"}],"author":[{"embeddable":true,"href":"https:\/\/federacionargentinadeajedrez.org\/index.php?rest_route=\/wp\/v2\/users\/1"}],"replies":[{"embeddable":true,"href":"https:\/\/federacionargentinadeajedrez.org\/index.php?rest_route=%2Fwp%2Fv2%2Fcomments&post=9112"}],"version-history":[{"count":2,"href":"https:\/\/federacionargentinadeajedrez.org\/index.php?rest_route=\/wp\/v2\/posts\/9112\/revisions"}],"predecessor-version":[{"id":9120,"href":"https:\/\/federacionargentinadeajedrez.org\/index.php?rest_route=\/wp\/v2\/posts\/9112\/revisions\/9120"}],"wp:featuredmedia":[{"embeddable":true,"href":"https:\/\/federacionargentinadeajedrez.org\/index.php?rest_route=\/wp\/v2\/media\/9115"}],"wp:attachment":[{"href":"https:\/\/federacionargentinadeajedrez.org\/index.php?rest_route=%2Fwp%2Fv2%2Fmedia&parent=9112"}],"wp:term":[{"taxonomy":"category","embeddable":true,"href":"https:\/\/federacionargentinadeajedrez.org\/index.php?rest_route=%2Fwp%2Fv2%2Fcategories&post=9112"},{"taxonomy":"post_tag","embeddable":true,"href":"https:\/\/federacionargentinadeajedrez.org\/index.php?rest_route=%2Fwp%2Fv2%2Ftags&post=9112"}],"curies":[{"name":"wp","href":"https:\/\/api.w.org\/{rel}","templated":true}]}}