{"id":9153,"date":"2026-01-02T23:16:56","date_gmt":"2026-01-02T23:16:56","guid":{"rendered":"https:\/\/federacionargentinadeajedrez.org\/?p=9153"},"modified":"2026-01-02T23:55:49","modified_gmt":"2026-01-02T23:55:49","slug":"adios-al-im-guillermo-malbran","status":"publish","type":"post","link":"https:\/\/federacionargentinadeajedrez.org\/?p=9153","title":{"rendered":"Adi\u00f3s al IM Guillermo Malbr\u00e1n"},"content":{"rendered":"\n<p>Con profundo pesar despedimos al Maestro Internacional Guillermo Malbr\u00e1n (1957\u20132025), una figura destacada del ajedrez argentino.<\/p>\n\n\n\n<p>En 1997 se consagr\u00f3 Campe\u00f3n Argentino de Ajedrez, logrando un hecho hist\u00f3rico al imponerse como Maestro FIDE por delante de grandes maestros. Represent\u00f3 a la Argentina en la Olimp\u00edada de Ajedrez de Elist\u00e1 1998, defendiendo nuestros colores en el m\u00e1ximo evento por equipos del ajedrez mundial.<\/p>\n\n\n\n<p>Guillermo Malbr\u00e1n deja una huella importante en la historia del ajedrez nacional. Acompa\u00f1amos con respeto y afecto a su familia y seres queridos en este momento de dolor. Su aporte al ajedrez argentino ser\u00e1 siempre recordado.<\/p>\n","protected":false},"excerpt":{"rendered":"<p>Con profundo pesar despedimos al Maestro Internacional Guillermo Malbr\u00e1n (1957\u20132025), una figura destacada del ajedrez argentino. En 1997 se consagr\u00f3 Campe\u00f3n Argentino de&hellip;<\/p>\n","protected":false},"author":1,"featured_media":9154,"comment_status":"closed","ping_status":"closed","sticky":false,"template":"","format":"standard","meta":{"footnotes":""},"categories":[54],"tags":[],"class_list":["post-9153","post","type-post","status-publish","format-standard","has-post-thumbnail","hentry","category-noticias-2026"],"_links":{"self":[{"href":"https:\/\/federacionargentinadeajedrez.org\/index.php?rest_route=\/wp\/v2\/posts\/9153","targetHints":{"allow":["GET"]}}],"collection":[{"href":"https:\/\/federacionargentinadeajedrez.org\/index.php?rest_route=\/wp\/v2\/posts"}],"about":[{"href":"https:\/\/federacionargentinadeajedrez.org\/index.php?rest_route=\/wp\/v2\/types\/post"}],"author":[{"embeddable":true,"href":"https:\/\/federacionargentinadeajedrez.org\/index.php?rest_route=\/wp\/v2\/users\/1"}],"replies":[{"embeddable":true,"href":"https:\/\/federacionargentinadeajedrez.org\/index.php?rest_route=%2Fwp%2Fv2%2Fcomments&post=9153"}],"version-history":[{"count":2,"href":"https:\/\/federacionargentinadeajedrez.org\/index.php?rest_route=\/wp\/v2\/posts\/9153\/revisions"}],"predecessor-version":[{"id":9156,"href":"https:\/\/federacionargentinadeajedrez.org\/index.php?rest_route=\/wp\/v2\/posts\/9153\/revisions\/9156"}],"wp:featuredmedia":[{"embeddable":true,"href":"https:\/\/federacionargentinadeajedrez.org\/index.php?rest_route=\/wp\/v2\/media\/9154"}],"wp:attachment":[{"href":"https:\/\/federacionargentinadeajedrez.org\/index.php?rest_route=%2Fwp%2Fv2%2Fmedia&parent=9153"}],"wp:term":[{"taxonomy":"category","embeddable":true,"href":"https:\/\/federacionargentinadeajedrez.org\/index.php?rest_route=%2Fwp%2Fv2%2Fcategories&post=9153"},{"taxonomy":"post_tag","embeddable":true,"href":"https:\/\/federacionargentinadeajedrez.org\/index.php?rest_route=%2Fwp%2Fv2%2Ftags&post=9153"}],"curies":[{"name":"wp","href":"https:\/\/api.w.org\/{rel}","templated":true}]}}