{"id":951,"date":"2019-12-18T15:07:15","date_gmt":"2019-12-18T15:07:15","guid":{"rendered":"https:\/\/federacionargentinadeajedrez.org\/?p=951"},"modified":"2019-12-18T15:07:17","modified_gmt":"2019-12-18T15:07:17","slug":"el-nino-rey-del-tablero-es-argentino-la-vida-de-ilan-numero-uno-del-ajedrez-mundial-a-los-8-anos","status":"publish","type":"post","link":"https:\/\/federacionargentinadeajedrez.org\/?p=951","title":{"rendered":"El ni\u00f1o rey del tablero es argentino: La vida de Ilan, n\u00famero uno del ajedrez mundial a los 8 a\u00f1os"},"content":{"rendered":"\n<p>Por Hern\u00e1n Sartori para diario Clar\u00edn<\/p>\n\n\n\n<p>Vive en Palermo, es fan\u00e1tico de Boca, juega al f\u00fatbol, le encanta la matem\u00e1tica y es el campe\u00f3n sudamericano y panamericano de su categor\u00eda. La historia de un apasionado por el \u201cjuego-ciencia\u201d.<\/p>\n\n\n\n<p><a href=\"https:\/\/www.clarin.com\/deportes\/nino-rey-tablero-argentino-vida-ilan--numero-ajedrez-mundial-8-anos_0_PvBEe_Wg.html\">https:\/\/www.clarin.com\/deportes\/nino-rey-tablero-argentino-vida-ilan&#8211;numero-ajedrez-mundial-8-anos_0_PvBEe_Wg.html<\/a><\/p>\n\n\n\n<p><a target=\"_blank\" href=\"https:\/\/www.clarin.com\/autor\/hernan-sartori.html\" rel=\"noreferrer noopener\"><br><\/a><\/p>\n","protected":false},"excerpt":{"rendered":"<p>Por Hern\u00e1n Sartori para diario Clar\u00edn Vive en Palermo, es fan\u00e1tico de Boca, juega al f\u00fatbol, le encanta la matem\u00e1tica y es el&hellip;<\/p>\n","protected":false},"author":1,"featured_media":0,"comment_status":"closed","ping_status":"closed","sticky":false,"template":"","format":"standard","meta":{"footnotes":""},"categories":[5],"tags":[],"class_list":["post-951","post","type-post","status-publish","format-standard","hentry","category-noticias-2019"],"_links":{"self":[{"href":"https:\/\/federacionargentinadeajedrez.org\/index.php?rest_route=\/wp\/v2\/posts\/951","targetHints":{"allow":["GET"]}}],"collection":[{"href":"https:\/\/federacionargentinadeajedrez.org\/index.php?rest_route=\/wp\/v2\/posts"}],"about":[{"href":"https:\/\/federacionargentinadeajedrez.org\/index.php?rest_route=\/wp\/v2\/types\/post"}],"author":[{"embeddable":true,"href":"https:\/\/federacionargentinadeajedrez.org\/index.php?rest_route=\/wp\/v2\/users\/1"}],"replies":[{"embeddable":true,"href":"https:\/\/federacionargentinadeajedrez.org\/index.php?rest_route=%2Fwp%2Fv2%2Fcomments&post=951"}],"version-history":[{"count":1,"href":"https:\/\/federacionargentinadeajedrez.org\/index.php?rest_route=\/wp\/v2\/posts\/951\/revisions"}],"predecessor-version":[{"id":952,"href":"https:\/\/federacionargentinadeajedrez.org\/index.php?rest_route=\/wp\/v2\/posts\/951\/revisions\/952"}],"wp:attachment":[{"href":"https:\/\/federacionargentinadeajedrez.org\/index.php?rest_route=%2Fwp%2Fv2%2Fmedia&parent=951"}],"wp:term":[{"taxonomy":"category","embeddable":true,"href":"https:\/\/federacionargentinadeajedrez.org\/index.php?rest_route=%2Fwp%2Fv2%2Fcategories&post=951"},{"taxonomy":"post_tag","embeddable":true,"href":"https:\/\/federacionargentinadeajedrez.org\/index.php?rest_route=%2Fwp%2Fv2%2Ftags&post=951"}],"curies":[{"name":"wp","href":"https:\/\/api.w.org\/{rel}","templated":true}]}}