{"id":9756,"date":"2026-08-30T21:39:49","date_gmt":"2026-08-30T21:39:49","guid":{"rendered":"https:\/\/federacionargentinadeajedrez.org\/?p=9756"},"modified":"2026-08-30T21:39:50","modified_gmt":"2026-08-30T21:39:50","slug":"llega-el-xxxiii-abierto-internacional-de-ajedrez-pro-am","status":"publish","type":"post","link":"https:\/\/federacionargentinadeajedrez.org\/?p=9756","title":{"rendered":"Llega el XXXIII Abierto Internacional de Ajedrez PRO AM"},"content":{"rendered":"\n<p class=\"wp-block-paragraph\">El abierto m\u00e1s importante del a\u00f1o en Argentina ya tiene fecha.Del 17 al 25 de octubre, el C\u00edrculo de Ajedrez de Villa Martelli ser\u00e1 sede del XXXIII Abierto Internacional PROAM \u2013 Copa Clar\u00edn Ciudad de Vicente Lopez<\/p>\n\n\n\n<p class=\"wp-block-paragraph\"><strong>El abierto m\u00e1s importante del a\u00f1o en Argentina ya tiene fecha.<\/strong><\/p>\n\n\n\n<p class=\"wp-block-paragraph\">Del&nbsp;<strong>17 al 25 de octubre<\/strong>, el C\u00edrculo de Ajedrez de Villa Martelli ser\u00e1 sede del XXXIII&nbsp;<strong>Abierto Internacional PROAM \u2013 Copa Clar\u00edn Ciudad de Vicente L\u00f3pez<\/strong>, una de las grandes citas del calendario ajedrec\u00edstico argentino.<\/p>\n\n\n\n<p class=\"wp-block-paragraph\">\ud83d\udcb0&nbsp;<strong>$12.000.000 entre premios y contrataciones<\/strong><br>\ud83c\udfc6&nbsp;<strong>Golden Level del Open Chess Tour<\/strong><br>\u265f\ufe0f&nbsp;<strong>9 rondas<\/strong><br>\ud83d\udcc5&nbsp;<strong>17 al 25 de octubre<\/strong><br>\ud83d\udccd&nbsp;<strong>Laprida 3837, Villa Martelli \u2013 C\u00edrculo de Ajedrez de Villa Martelli<\/strong><br>\u2705 Se podr\u00e1n solicitar&nbsp;<strong>hasta 3 byes hasta la 5\u00aa ronda<\/strong><\/p>\n\n\n\n<p class=\"wp-block-paragraph\">Durante nueve d\u00edas, grandes maestros, jugadores titulados y aficionados de todo el pa\u00eds se encontrar\u00e1n en Villa Martelli para disputar uno de los torneos m\u00e1s esperados del a\u00f1o.<\/p>\n\n\n\n<p class=\"wp-block-paragraph\"><strong>Inauguraci\u00f3n<\/strong><br>S\u00e1bado 17 de octubre \u2013 14:30 hs.<\/p>\n\n\n\n<p class=\"wp-block-paragraph\">1.\u00aa ronda&nbsp;S\u00e1bado 17 de octubre \u2013 15:00 hs.<\/p>\n\n\n\n<p class=\"wp-block-paragraph\">2.\u00aa ronda<br>Domingo 18 de octubre \u2013 10:00 hs.<\/p>\n\n\n\n<p class=\"wp-block-paragraph\">3.\u00aa ronda<br>Domingo 18 de octubre \u2013 15:00 hs.<\/p>\n\n\n\n<p class=\"wp-block-paragraph\">4.\u00aa ronda<br>Lunes 19 de octubre \u2013 19:30 hs.<\/p>\n\n\n\n<p class=\"wp-block-paragraph\">5.\u00aa ronda<br>Martes 20 de octubre \u2013 19:30 hs.<\/p>\n\n\n\n<p class=\"wp-block-paragraph\">6.\u00aa ronda<br>Mi\u00e9rcoles 21 de octubre \u2013 19:30 hs.<\/p>\n\n\n\n<p class=\"wp-block-paragraph\">7.\u00aa ronda<br>Jueves 22 de octubre \u2013 19:30 hs.<\/p>\n\n\n\n<p class=\"wp-block-paragraph\">BLITZ PRO AM \u201cLeo Fusco In Memoriam\u201d<br>Viernes 23 de octubre \u2013 19:30 hs.<\/p>\n\n\n\n<p class=\"wp-block-paragraph\">8.\u00aa ronda<br>S\u00e1bado 24 de octubre \u2013 15:00 hs.<\/p>\n\n\n\n<p class=\"wp-block-paragraph\">9.\u00aa ronda<br>Domingo 25 de octubre \u2013 14:00 hs.<\/p>\n\n\n\n<p class=\"wp-block-paragraph\">Entrega de premios:&nbsp;al finalizar la \u00faltima ronda.<\/p>\n\n\n\n<p class=\"wp-block-paragraph\">\u26a1&nbsp;<strong>BLITZ PROAM \u2013 FUSCO IN MEMORIAM<\/strong><\/p>\n\n\n\n<p class=\"wp-block-paragraph\">Como parte de esta gran fiesta del ajedrez, el&nbsp;<strong>viernes 23 de octubre a las 19:30 hs<\/strong>&nbsp;se disputar\u00e1 el&nbsp;<strong>Torneo Blitz PROAM \u2013 Fusco In Memoriam<\/strong>, en homenaje al IM Leo Fusco.<\/p>\n\n\n\n<p class=\"wp-block-paragraph\">\ud83d\udcb0&nbsp;<strong>$1.000.000 en premios<\/strong><\/p>\n\n\n\n<p class=\"wp-block-paragraph\"><strong>INSCRIPCI\u00d3N ABIERTO INTERNACIONAL PROAM<\/strong><\/p>\n\n\n\n<p class=\"wp-block-paragraph\">Hasta el&nbsp;<strong>17 de septiembre inclusive<\/strong><br>Socios:&nbsp;<strong>$55.000<\/strong><br>No socios:&nbsp;<strong>$75.000<\/strong><\/p>\n\n\n\n<p class=\"wp-block-paragraph\">Del&nbsp;<strong>18 de septiembre al 17 de octubre<\/strong><br>Socios:&nbsp;<strong>$75.000<\/strong><br>No socios:&nbsp;<strong>$100.000<\/strong><\/p>\n\n\n\n<p class=\"wp-block-paragraph\"><strong>INSCRIPCI\u00d3N ABIERTO PROAM + BLITZ PROAM FUSCO IN MEMORIAM<\/strong><\/p>\n\n\n\n<p class=\"wp-block-paragraph\">Hasta el&nbsp;<strong>17 de septiembre inclusive<\/strong><br>Socios:&nbsp;<strong>$65.000<\/strong><br>No socios:&nbsp;<strong>$85.000<\/strong><\/p>\n\n\n\n<p class=\"wp-block-paragraph\">Del&nbsp;<strong>18 de septiembre al 17 de octubre<\/strong><br>Socios:&nbsp;<strong>$85.000<\/strong><br>No socios:&nbsp;<strong>$115.000<\/strong><\/p>\n\n\n\n<p class=\"wp-block-paragraph\"><strong>INSCRIPCI\u00d3N SOLO BLITZ PROAM FUSCO IN MEMORIAM<\/strong><\/p>\n\n\n\n<p class=\"wp-block-paragraph\">Hasta el&nbsp;<strong>17 de septiembre inclusive<\/strong><br>Socios:&nbsp;<strong>$10.000<\/strong><br>No socios:&nbsp;<strong>$15.000<\/strong><\/p>\n\n\n\n<p class=\"wp-block-paragraph\">Del&nbsp;<strong>18 de septiembre al 17 de octubre<\/strong><br>Socios:&nbsp;<strong>$15.000<\/strong><br>No socios:&nbsp;<strong>$20.000<\/strong><\/p>\n\n\n\n<p class=\"wp-block-paragraph\"><strong>\ud83d\udce9 Una vez realizado el pago, envi\u00e1 el comprobante a:<\/strong><br><strong><a href=\"mailto:giulianaboscoajedrez@gmail.com\" target=\"_blank\" rel=\"noopener\">giulianaboscoajedrez@gmail.com<\/a><br><br><a href=\"https:\/\/forms.gle\/z9M8YwT792zZUbY69\" data-type=\"link\" data-id=\"https:\/\/forms.gle\/z9M8YwT792zZUbY69\">FORMULARIO<\/a><\/strong><br><a href=\"https:\/\/ajedrezmartelli.org\/noticia.php?slug=reglamento-xxxiii-abierto-internacional-pro-am\" data-type=\"link\" data-id=\"https:\/\/ajedrezmartelli.org\/noticia.php?slug=reglamento-xxxiii-abierto-internacional-pro-am\"><strong>REGLAMENTO<\/strong><\/a><\/p>\n\n\n\n<p class=\"wp-block-paragraph\">\ud83c\udf10 M\u00e1s detalles, informaci\u00f3n y reglamento completo en nuestra web.<\/p>\n\n\n\n<p class=\"wp-block-paragraph\"><strong>Del 17 al 25 de octubre, Villa Martelli vuelve a ser el epicentro del ajedrez argentino.<\/strong><\/p>\n\n\n\n<p class=\"wp-block-paragraph\">\u265f\ufe0f&nbsp;<strong>PROAM 2026. El abierto que todos quieren jugar.<\/strong><\/p>\n","protected":false},"excerpt":{"rendered":"<p>El abierto m\u00e1s importante del a\u00f1o en Argentina ya tiene fecha.Del 17 al 25 de octubre, el C\u00edrculo de Ajedrez de Villa Martelli&hellip;<\/p>\n","protected":false},"author":1,"featured_media":9757,"comment_status":"closed","ping_status":"closed","sticky":false,"template":"","format":"standard","meta":{"footnotes":""},"categories":[54,13],"tags":[],"class_list":["post-9756","post","type-post","status-publish","format-standard","has-post-thumbnail","hentry","category-noticias-2026","category-noticias-destacadas"],"_links":{"self":[{"href":"https:\/\/federacionargentinadeajedrez.org\/index.php?rest_route=\/wp\/v2\/posts\/9756","targetHints":{"allow":["GET"]}}],"collection":[{"href":"https:\/\/federacionargentinadeajedrez.org\/index.php?rest_route=\/wp\/v2\/posts"}],"about":[{"href":"https:\/\/federacionargentinadeajedrez.org\/index.php?rest_route=\/wp\/v2\/types\/post"}],"author":[{"embeddable":true,"href":"https:\/\/federacionargentinadeajedrez.org\/index.php?rest_route=\/wp\/v2\/users\/1"}],"replies":[{"embeddable":true,"href":"https:\/\/federacionargentinadeajedrez.org\/index.php?rest_route=%2Fwp%2Fv2%2Fcomments&post=9756"}],"version-history":[{"count":1,"href":"https:\/\/federacionargentinadeajedrez.org\/index.php?rest_route=\/wp\/v2\/posts\/9756\/revisions"}],"predecessor-version":[{"id":9758,"href":"https:\/\/federacionargentinadeajedrez.org\/index.php?rest_route=\/wp\/v2\/posts\/9756\/revisions\/9758"}],"wp:featuredmedia":[{"embeddable":true,"href":"https:\/\/federacionargentinadeajedrez.org\/index.php?rest_route=\/wp\/v2\/media\/9757"}],"wp:attachment":[{"href":"https:\/\/federacionargentinadeajedrez.org\/index.php?rest_route=%2Fwp%2Fv2%2Fmedia&parent=9756"}],"wp:term":[{"taxonomy":"category","embeddable":true,"href":"https:\/\/federacionargentinadeajedrez.org\/index.php?rest_route=%2Fwp%2Fv2%2Fcategories&post=9756"},{"taxonomy":"post_tag","embeddable":true,"href":"https:\/\/federacionargentinadeajedrez.org\/index.php?rest_route=%2Fwp%2Fv2%2Ftags&post=9756"}],"curies":[{"name":"wp","href":"https:\/\/api.w.org\/{rel}","templated":true}]}}